{"id":12702,"date":"2025-11-28T12:05:00","date_gmt":"2025-11-28T12:05:00","guid":{"rendered":"https:\/\/comarcas.csm.org.pt\/vila-real\/?p=12702"},"modified":"2026-02-10T13:59:39","modified_gmt":"2026-02-10T13:59:39","slug":"v-conferencia-subordinada-ao-tema-violencia-contra-as-mulheres-desafios-no-mundo-digital-organizada-pelo-tribunal-judicial-da-comarca-de-vila-real-em-parceria-institucional-com","status":"publish","type":"post","link":"https:\/\/comarcas.csm.org.pt\/vila-real\/blog\/2025\/11\/28\/v-conferencia-subordinada-ao-tema-violencia-contra-as-mulheres-desafios-no-mundo-digital-organizada-pelo-tribunal-judicial-da-comarca-de-vila-real-em-parceria-institucional-com\/","title":{"rendered":"V Confer\u00eancia subordinada ao tema: &#8220;Viol\u00eancia contra as Mulheres \u2013 Desafios no Mundo Digital&#8221;"},"content":{"rendered":"\n<p><\/p>\n\n\n\n<p> <strong><em>Organizada pelo Tribunal Judicial da Comarca de Vila Real, em parceria institucional com a Associa\u00e7\u00e3o Portuguesa de Apoio \u00e0 V\u00edtima (APAV) e com o Munic\u00edpio de Vila Real &#8211; 28 de novembro de 2025<\/em><\/strong><\/p>\n\n\n\n<p>A sess\u00e3o de abertura contou com interven\u00e7\u00f5es da Exa. ma Senhora Juiz Presidente do Tribunal Judicial da Comarca de Vila Real, do Ex.mo Senhor Magistrado do Minist\u00e9rio P\u00fablico Coordenador da Comarca, da Ex.ma Senhora Vereadora da C\u00e2mara Municipal de Vila Real e da Ex.ma Senhora Gestora do Gabinete de Apoio \u00e0 V\u00edtima de Vila Real \u2013 APAV.<\/p>\n\n\n\n<p>O <strong>Painel I \u2013 \u201cCibercriminalidade: as mulheres como alvo\u201d<\/strong> teve como moderadora Mara Minhava (Vereadora da C\u00e2mara Municipal de Vila Real), tendo como oradores Carla Costa Inspetora da Pol\u00edcia Judici\u00e1ria da Unidade Nacional de Combate ao Cibercrime, e Adriana Br\u00e1s, Advogada, incidindo sobre tipologias criminais, meios tecnol\u00f3gicos e desafios jur\u00eddicos.<\/p>\n\n\n\n<p>O <strong>Painel II \u2013 \u201cViol\u00eancia digital na pr\u00e1tica judici\u00e1ria\u201d<\/strong> integrou interven\u00e7\u00f5es de Catarina Santos (Ju\u00edza de Direito no Ju\u00edzo Local Criminal do Tribunal Judicial de Chaves) e Juliana Barros (Procuradora da Rep\u00fablica, Sec\u00e7\u00e3o de Inqu\u00e9ritos de Chaves), incidindo sobre o enquadramento legal, prova digital e desafios investigat\u00f3rios, tendo &nbsp;tido como moderadora Elisa Brites, Gestora da APAV Vila Real.<\/p>\n\n\n\n<p>A <strong>Mesa Redonda \u2013 \u201cEntre preven\u00e7\u00e3o, apoio e sa\u00fade mental: desafios da viol\u00eancia online\u201d<\/strong> contou com a participa\u00e7\u00e3o de Carolina Soares (Linha Internet Segura \/ APAV), Lu\u00eds Valente (Universidade do Minho), Ricardo Mendes (Gabinete M\u00e9dico-Legal Forense do Douro) e Ana Rita Flores (INMLCF), promovendo uma abordagem integrada da preven\u00e7\u00e3o, apoio \u00e0s v\u00edtimas e impactos psicossociais, tendo como moderada a Exa.ma Senhora Juiz Presidente.<\/p>\n\n\n\n<p>A edi\u00e7\u00e3o de 2025 assumiu particular relev\u00e2ncia pela elevada ades\u00e3o institucional e pela participa\u00e7\u00e3o organizativa especialmente ativa da <strong>APAV<\/strong>, que contribuiu para a defini\u00e7\u00e3o tem\u00e1tica, dinamiza\u00e7\u00e3o dos pain\u00e9is e articula\u00e7\u00e3o das redes de apoio \u00e0 v\u00edtima, refor\u00e7ando o car\u00e1cter multidisciplinar e operativo da Confer\u00eancia.<\/p>\n\n\n\n<p>A organiza\u00e7\u00e3o da Confer\u00eancia pelo Tribunal reafirmou o seu papel enquanto agente dinamizador de reflex\u00e3o qualificada, forma\u00e7\u00e3o cont\u00ednua e promo\u00e7\u00e3o de uma cultura de coopera\u00e7\u00e3o institucional.<\/p>\n\n\n\n<figure class=\"wp-block-image size-full\"><img fetchpriority=\"high\" decoding=\"async\" width=\"900\" height=\"559\" src=\"https:\/\/comarcas.csm.org.pt\/vila-real\/wp-content\/uploads\/sites\/26\/2026\/02\/aaaaaaaaaaaaaaaaaaaaaaaaa.jpg\" alt=\"\" class=\"wp-image-12703\" srcset=\"https:\/\/comarcas.csm.org.pt\/vila-real\/wp-content\/uploads\/sites\/26\/2026\/02\/aaaaaaaaaaaaaaaaaaaaaaaaa.jpg 900w, https:\/\/comarcas.csm.org.pt\/vila-real\/wp-content\/uploads\/sites\/26\/2026\/02\/aaaaaaaaaaaaaaaaaaaaaaaaa-300x186.jpg 300w, https:\/\/comarcas.csm.org.pt\/vila-real\/wp-content\/uploads\/sites\/26\/2026\/02\/aaaaaaaaaaaaaaaaaaaaaaaaa-768x477.jpg 768w\" sizes=\"(max-width: 900px) 100vw, 900px\" \/><\/figure>\n\n\n","protected":false},"excerpt":{"rendered":"<p>Organizada pelo Tribunal Judicial da Comarca de Vila Real, em parceria institucional com a Associa\u00e7\u00e3o Portuguesa de Apoio \u00e0 V\u00edtima (APAV) e com o Munic\u00edpio de Vila Real &#8211; 28 de novembro de 2025 A&#8230;<\/p>\n","protected":false},"author":37,"featured_media":0,"comment_status":"closed","ping_status":"open","sticky":false,"template":"","format":"standard","meta":{"_tbt_post_transparent":"","_tbt_post_title":"","_tbt_post_layout":"","_tbt_post_sidebar_id":"","_tbt_post_content_style":"","_tbt_post_vertical_padding":"","_tbt_post_feature":"","_tbt_post_feature_position":"","_tbt_post_header":false,"_tbt_post_footer":false},"categories":[1],"tags":[],"class_list":["post-12702","post","type-post","status-publish","format-standard","hentry","category-geral"],"yoast_head":"<!-- This site is optimized with the Yoast SEO plugin v25.6 - https:\/\/yoast.com\/wordpress\/plugins\/seo\/ -->\n<title>V Confer\u00eancia subordinada ao tema: &quot;Viol\u00eancia contra as Mulheres \u2013 Desafios no Mundo Digital&quot; - Tribunal Judicial da Comarca de Vila Real<\/title>\n<meta name=\"robots\" content=\"index, follow, max-snippet:-1, max-image-preview:large, max-video-preview:-1\" \/>\n<link rel=\"canonical\" href=\"https:\/\/comarcas.csm.org.pt\/vila-real\/blog\/2025\/11\/28\/v-conferencia-subordinada-ao-tema-violencia-contra-as-mulheres-desafios-no-mundo-digital-organizada-pelo-tribunal-judicial-da-comarca-de-vila-real-em-parceria-institucional-com\/\" \/>\n<meta property=\"og:locale\" content=\"pt_PT\" \/>\n<meta property=\"og:type\" content=\"article\" \/>\n<meta property=\"og:title\" content=\"V Confer\u00eancia subordinada ao tema: &quot;Viol\u00eancia contra as Mulheres \u2013 Desafios no Mundo Digital&quot; - Tribunal Judicial da Comarca de Vila Real\" \/>\n<meta property=\"og:description\" content=\"Organizada pelo Tribunal Judicial da Comarca de Vila Real, em parceria institucional com a Associa\u00e7\u00e3o Portuguesa de Apoio \u00e0 V\u00edtima (APAV) e com o Munic\u00edpio de Vila Real &#8211; 28 de novembro de 2025 A...\" \/>\n<meta property=\"og:url\" content=\"https:\/\/comarcas.csm.org.pt\/vila-real\/blog\/2025\/11\/28\/v-conferencia-subordinada-ao-tema-violencia-contra-as-mulheres-desafios-no-mundo-digital-organizada-pelo-tribunal-judicial-da-comarca-de-vila-real-em-parceria-institucional-com\/\" \/>\n<meta property=\"og:site_name\" content=\"Tribunal Judicial da Comarca de Vila Real\" \/>\n<meta property=\"article:published_time\" content=\"2025-11-28T12:05:00+00:00\" \/>\n<meta property=\"article:modified_time\" content=\"2026-02-10T13:59:39+00:00\" \/>\n<meta property=\"og:image\" content=\"https:\/\/comarcas.csm.org.pt\/vila-real\/wp-content\/uploads\/sites\/26\/2026\/02\/aaaaaaaaaaaaaaaaaaaaaaaaa.jpg\" \/>\n\t<meta property=\"og:image:width\" content=\"900\" \/>\n\t<meta property=\"og:image:height\" content=\"559\" \/>\n\t<meta property=\"og:image:type\" content=\"image\/jpeg\" \/>\n<meta name=\"author\" content=\"vilareal\" \/>\n<meta name=\"twitter:card\" content=\"summary_large_image\" \/>\n<meta name=\"twitter:label1\" content=\"Escrito por\" \/>\n\t<meta name=\"twitter:data1\" content=\"vilareal\" \/>\n\t<meta name=\"twitter:label2\" content=\"Tempo estimado de leitura\" \/>\n\t<meta name=\"twitter:data2\" content=\"3 minutos\" \/>\n<script type=\"application\/ld+json\" class=\"yoast-schema-graph\">{\"@context\":\"https:\/\/schema.org\",\"@graph\":[{\"@type\":\"Article\",\"@id\":\"https:\/\/comarcas.csm.org.pt\/vila-real\/blog\/2025\/11\/28\/v-conferencia-subordinada-ao-tema-violencia-contra-as-mulheres-desafios-no-mundo-digital-organizada-pelo-tribunal-judicial-da-comarca-de-vila-real-em-parceria-institucional-com\/#article\",\"isPartOf\":{\"@id\":\"https:\/\/comarcas.csm.org.pt\/vila-real\/blog\/2025\/11\/28\/v-conferencia-subordinada-ao-tema-violencia-contra-as-mulheres-desafios-no-mundo-digital-organizada-pelo-tribunal-judicial-da-comarca-de-vila-real-em-parceria-institucional-com\/\"},\"author\":{\"name\":\"vilareal\",\"@id\":\"https:\/\/comarcas.csm.org.pt\/vila-real\/#\/schema\/person\/1e9fae6242b3062ac84ba50e518f1ca0\"},\"headline\":\"V Confer\u00eancia subordinada ao tema: &#8220;Viol\u00eancia contra as Mulheres \u2013 Desafios no Mundo Digital&#8221;\",\"datePublished\":\"2025-11-28T12:05:00+00:00\",\"dateModified\":\"2026-02-10T13:59:39+00:00\",\"mainEntityOfPage\":{\"@id\":\"https:\/\/comarcas.csm.org.pt\/vila-real\/blog\/2025\/11\/28\/v-conferencia-subordinada-ao-tema-violencia-contra-as-mulheres-desafios-no-mundo-digital-organizada-pelo-tribunal-judicial-da-comarca-de-vila-real-em-parceria-institucional-com\/\"},\"wordCount\":394,\"publisher\":{\"@id\":\"https:\/\/comarcas.csm.org.pt\/vila-real\/#organization\"},\"image\":{\"@id\":\"https:\/\/comarcas.csm.org.pt\/vila-real\/blog\/2025\/11\/28\/v-conferencia-subordinada-ao-tema-violencia-contra-as-mulheres-desafios-no-mundo-digital-organizada-pelo-tribunal-judicial-da-comarca-de-vila-real-em-parceria-institucional-com\/#primaryimage\"},\"thumbnailUrl\":\"https:\/\/comarcas.csm.org.pt\/vila-real\/wp-content\/uploads\/sites\/26\/2026\/02\/aaaaaaaaaaaaaaaaaaaaaaaaa.jpg\",\"articleSection\":[\"Geral\"],\"inLanguage\":\"pt-PT\"},{\"@type\":\"WebPage\",\"@id\":\"https:\/\/comarcas.csm.org.pt\/vila-real\/blog\/2025\/11\/28\/v-conferencia-subordinada-ao-tema-violencia-contra-as-mulheres-desafios-no-mundo-digital-organizada-pelo-tribunal-judicial-da-comarca-de-vila-real-em-parceria-institucional-com\/\",\"url\":\"https:\/\/comarcas.csm.org.pt\/vila-real\/blog\/2025\/11\/28\/v-conferencia-subordinada-ao-tema-violencia-contra-as-mulheres-desafios-no-mundo-digital-organizada-pelo-tribunal-judicial-da-comarca-de-vila-real-em-parceria-institucional-com\/\",\"name\":\"V Confer\u00eancia subordinada ao tema: \\\"Viol\u00eancia contra as Mulheres \u2013 Desafios no Mundo Digital\\\" - Tribunal Judicial da Comarca de Vila Real\",\"isPartOf\":{\"@id\":\"https:\/\/comarcas.csm.org.pt\/vila-real\/#website\"},\"primaryImageOfPage\":{\"@id\":\"https:\/\/comarcas.csm.org.pt\/vila-real\/blog\/2025\/11\/28\/v-conferencia-subordinada-ao-tema-violencia-contra-as-mulheres-desafios-no-mundo-digital-organizada-pelo-tribunal-judicial-da-comarca-de-vila-real-em-parceria-institucional-com\/#primaryimage\"},\"image\":{\"@id\":\"https:\/\/comarcas.csm.org.pt\/vila-real\/blog\/2025\/11\/28\/v-conferencia-subordinada-ao-tema-violencia-contra-as-mulheres-desafios-no-mundo-digital-organizada-pelo-tribunal-judicial-da-comarca-de-vila-real-em-parceria-institucional-com\/#primaryimage\"},\"thumbnailUrl\":\"https:\/\/comarcas.csm.org.pt\/vila-real\/wp-content\/uploads\/sites\/26\/2026\/02\/aaaaaaaaaaaaaaaaaaaaaaaaa.jpg\",\"datePublished\":\"2025-11-28T12:05:00+00:00\",\"dateModified\":\"2026-02-10T13:59:39+00:00\",\"breadcrumb\":{\"@id\":\"https:\/\/comarcas.csm.org.pt\/vila-real\/blog\/2025\/11\/28\/v-conferencia-subordinada-ao-tema-violencia-contra-as-mulheres-desafios-no-mundo-digital-organizada-pelo-tribunal-judicial-da-comarca-de-vila-real-em-parceria-institucional-com\/#breadcrumb\"},\"inLanguage\":\"pt-PT\",\"potentialAction\":[{\"@type\":\"ReadAction\",\"target\":[\"https:\/\/comarcas.csm.org.pt\/vila-real\/blog\/2025\/11\/28\/v-conferencia-subordinada-ao-tema-violencia-contra-as-mulheres-desafios-no-mundo-digital-organizada-pelo-tribunal-judicial-da-comarca-de-vila-real-em-parceria-institucional-com\/\"]}]},{\"@type\":\"ImageObject\",\"inLanguage\":\"pt-PT\",\"@id\":\"https:\/\/comarcas.csm.org.pt\/vila-real\/blog\/2025\/11\/28\/v-conferencia-subordinada-ao-tema-violencia-contra-as-mulheres-desafios-no-mundo-digital-organizada-pelo-tribunal-judicial-da-comarca-de-vila-real-em-parceria-institucional-com\/#primaryimage\",\"url\":\"https:\/\/comarcas.csm.org.pt\/vila-real\/wp-content\/uploads\/sites\/26\/2026\/02\/aaaaaaaaaaaaaaaaaaaaaaaaa.jpg\",\"contentUrl\":\"https:\/\/comarcas.csm.org.pt\/vila-real\/wp-content\/uploads\/sites\/26\/2026\/02\/aaaaaaaaaaaaaaaaaaaaaaaaa.jpg\",\"width\":900,\"height\":559},{\"@type\":\"BreadcrumbList\",\"@id\":\"https:\/\/comarcas.csm.org.pt\/vila-real\/blog\/2025\/11\/28\/v-conferencia-subordinada-ao-tema-violencia-contra-as-mulheres-desafios-no-mundo-digital-organizada-pelo-tribunal-judicial-da-comarca-de-vila-real-em-parceria-institucional-com\/#breadcrumb\",\"itemListElement\":[{\"@type\":\"ListItem\",\"position\":1,\"name\":\"In\u00edcio\",\"item\":\"https:\/\/comarcas.csm.org.pt\/vila-real\/\"},{\"@type\":\"ListItem\",\"position\":2,\"name\":\"V Confer\u00eancia subordinada ao tema: &#8220;Viol\u00eancia contra as Mulheres \u2013 Desafios no Mundo Digital&#8221;\"}]},{\"@type\":\"WebSite\",\"@id\":\"https:\/\/comarcas.csm.org.pt\/vila-real\/#website\",\"url\":\"https:\/\/comarcas.csm.org.pt\/vila-real\/\",\"name\":\"Tribunal Judicial da Comarca de Vila Real\",\"description\":\"Tribunal Judicial da Comarca de Vila Real\",\"publisher\":{\"@id\":\"https:\/\/comarcas.csm.org.pt\/vila-real\/#organization\"},\"potentialAction\":[{\"@type\":\"SearchAction\",\"target\":{\"@type\":\"EntryPoint\",\"urlTemplate\":\"https:\/\/comarcas.csm.org.pt\/vila-real\/?s={search_term_string}\"},\"query-input\":{\"@type\":\"PropertyValueSpecification\",\"valueRequired\":true,\"valueName\":\"search_term_string\"}}],\"inLanguage\":\"pt-PT\"},{\"@type\":\"Organization\",\"@id\":\"https:\/\/comarcas.csm.org.pt\/vila-real\/#organization\",\"name\":\"Tribunal Judicial da Comarca de Vila Real\",\"url\":\"https:\/\/comarcas.csm.org.pt\/vila-real\/\",\"logo\":{\"@type\":\"ImageObject\",\"inLanguage\":\"pt-PT\",\"@id\":\"https:\/\/comarcas.csm.org.pt\/vila-real\/#\/schema\/logo\/image\/\",\"url\":\"https:\/\/comarcas.csm.org.pt\/vila-real\/wp-content\/uploads\/sites\/26\/2024\/11\/cropped-V.-Real_positivo-horizontal-scaled.png\",\"contentUrl\":\"https:\/\/comarcas.csm.org.pt\/vila-real\/wp-content\/uploads\/sites\/26\/2024\/11\/cropped-V.-Real_positivo-horizontal-scaled.png\",\"width\":2560,\"height\":583,\"caption\":\"Tribunal Judicial da Comarca de Vila Real\"},\"image\":{\"@id\":\"https:\/\/comarcas.csm.org.pt\/vila-real\/#\/schema\/logo\/image\/\"}},{\"@type\":\"Person\",\"@id\":\"https:\/\/comarcas.csm.org.pt\/vila-real\/#\/schema\/person\/1e9fae6242b3062ac84ba50e518f1ca0\",\"name\":\"vilareal\",\"image\":{\"@type\":\"ImageObject\",\"inLanguage\":\"pt-PT\",\"@id\":\"https:\/\/comarcas.csm.org.pt\/vila-real\/#\/schema\/person\/image\/\",\"url\":\"https:\/\/secure.gravatar.com\/avatar\/98728791590a1f9e19a3035ba083b9c4689ba7e751928de880788f3ea1944a2e?s=96&d=mm&r=g\",\"contentUrl\":\"https:\/\/secure.gravatar.com\/avatar\/98728791590a1f9e19a3035ba083b9c4689ba7e751928de880788f3ea1944a2e?s=96&d=mm&r=g\",\"caption\":\"vilareal\"},\"url\":\"https:\/\/comarcas.csm.org.pt\/vila-real\/blog\/author\/vilareal\/\"}]}<\/script>\n<!-- \/ Yoast SEO plugin. -->","yoast_head_json":{"title":"V Confer\u00eancia subordinada ao tema: \"Viol\u00eancia contra as Mulheres \u2013 Desafios no Mundo Digital\" - Tribunal Judicial da Comarca de Vila Real","robots":{"index":"index","follow":"follow","max-snippet":"max-snippet:-1","max-image-preview":"max-image-preview:large","max-video-preview":"max-video-preview:-1"},"canonical":"https:\/\/comarcas.csm.org.pt\/vila-real\/blog\/2025\/11\/28\/v-conferencia-subordinada-ao-tema-violencia-contra-as-mulheres-desafios-no-mundo-digital-organizada-pelo-tribunal-judicial-da-comarca-de-vila-real-em-parceria-institucional-com\/","og_locale":"pt_PT","og_type":"article","og_title":"V Confer\u00eancia subordinada ao tema: \"Viol\u00eancia contra as Mulheres \u2013 Desafios no Mundo Digital\" - Tribunal Judicial da Comarca de Vila Real","og_description":"Organizada pelo Tribunal Judicial da Comarca de Vila Real, em parceria institucional com a Associa\u00e7\u00e3o Portuguesa de Apoio \u00e0 V\u00edtima (APAV) e com o Munic\u00edpio de Vila Real &#8211; 28 de novembro de 2025 A...","og_url":"https:\/\/comarcas.csm.org.pt\/vila-real\/blog\/2025\/11\/28\/v-conferencia-subordinada-ao-tema-violencia-contra-as-mulheres-desafios-no-mundo-digital-organizada-pelo-tribunal-judicial-da-comarca-de-vila-real-em-parceria-institucional-com\/","og_site_name":"Tribunal Judicial da Comarca de Vila Real","article_published_time":"2025-11-28T12:05:00+00:00","article_modified_time":"2026-02-10T13:59:39+00:00","og_image":[{"width":900,"height":559,"url":"https:\/\/comarcas.csm.org.pt\/vila-real\/wp-content\/uploads\/sites\/26\/2026\/02\/aaaaaaaaaaaaaaaaaaaaaaaaa.jpg","type":"image\/jpeg"}],"author":"vilareal","twitter_card":"summary_large_image","twitter_misc":{"Escrito por":"vilareal","Tempo estimado de leitura":"3 minutos"},"schema":{"@context":"https:\/\/schema.org","@graph":[{"@type":"Article","@id":"https:\/\/comarcas.csm.org.pt\/vila-real\/blog\/2025\/11\/28\/v-conferencia-subordinada-ao-tema-violencia-contra-as-mulheres-desafios-no-mundo-digital-organizada-pelo-tribunal-judicial-da-comarca-de-vila-real-em-parceria-institucional-com\/#article","isPartOf":{"@id":"https:\/\/comarcas.csm.org.pt\/vila-real\/blog\/2025\/11\/28\/v-conferencia-subordinada-ao-tema-violencia-contra-as-mulheres-desafios-no-mundo-digital-organizada-pelo-tribunal-judicial-da-comarca-de-vila-real-em-parceria-institucional-com\/"},"author":{"name":"vilareal","@id":"https:\/\/comarcas.csm.org.pt\/vila-real\/#\/schema\/person\/1e9fae6242b3062ac84ba50e518f1ca0"},"headline":"V Confer\u00eancia subordinada ao tema: &#8220;Viol\u00eancia contra as Mulheres \u2013 Desafios no Mundo Digital&#8221;","datePublished":"2025-11-28T12:05:00+00:00","dateModified":"2026-02-10T13:59:39+00:00","mainEntityOfPage":{"@id":"https:\/\/comarcas.csm.org.pt\/vila-real\/blog\/2025\/11\/28\/v-conferencia-subordinada-ao-tema-violencia-contra-as-mulheres-desafios-no-mundo-digital-organizada-pelo-tribunal-judicial-da-comarca-de-vila-real-em-parceria-institucional-com\/"},"wordCount":394,"publisher":{"@id":"https:\/\/comarcas.csm.org.pt\/vila-real\/#organization"},"image":{"@id":"https:\/\/comarcas.csm.org.pt\/vila-real\/blog\/2025\/11\/28\/v-conferencia-subordinada-ao-tema-violencia-contra-as-mulheres-desafios-no-mundo-digital-organizada-pelo-tribunal-judicial-da-comarca-de-vila-real-em-parceria-institucional-com\/#primaryimage"},"thumbnailUrl":"https:\/\/comarcas.csm.org.pt\/vila-real\/wp-content\/uploads\/sites\/26\/2026\/02\/aaaaaaaaaaaaaaaaaaaaaaaaa.jpg","articleSection":["Geral"],"inLanguage":"pt-PT"},{"@type":"WebPage","@id":"https:\/\/comarcas.csm.org.pt\/vila-real\/blog\/2025\/11\/28\/v-conferencia-subordinada-ao-tema-violencia-contra-as-mulheres-desafios-no-mundo-digital-organizada-pelo-tribunal-judicial-da-comarca-de-vila-real-em-parceria-institucional-com\/","url":"https:\/\/comarcas.csm.org.pt\/vila-real\/blog\/2025\/11\/28\/v-conferencia-subordinada-ao-tema-violencia-contra-as-mulheres-desafios-no-mundo-digital-organizada-pelo-tribunal-judicial-da-comarca-de-vila-real-em-parceria-institucional-com\/","name":"V Confer\u00eancia subordinada ao tema: \"Viol\u00eancia contra as Mulheres \u2013 Desafios no Mundo Digital\" - Tribunal Judicial da Comarca de Vila Real","isPartOf":{"@id":"https:\/\/comarcas.csm.org.pt\/vila-real\/#website"},"primaryImageOfPage":{"@id":"https:\/\/comarcas.csm.org.pt\/vila-real\/blog\/2025\/11\/28\/v-conferencia-subordinada-ao-tema-violencia-contra-as-mulheres-desafios-no-mundo-digital-organizada-pelo-tribunal-judicial-da-comarca-de-vila-real-em-parceria-institucional-com\/#primaryimage"},"image":{"@id":"https:\/\/comarcas.csm.org.pt\/vila-real\/blog\/2025\/11\/28\/v-conferencia-subordinada-ao-tema-violencia-contra-as-mulheres-desafios-no-mundo-digital-organizada-pelo-tribunal-judicial-da-comarca-de-vila-real-em-parceria-institucional-com\/#primaryimage"},"thumbnailUrl":"https:\/\/comarcas.csm.org.pt\/vila-real\/wp-content\/uploads\/sites\/26\/2026\/02\/aaaaaaaaaaaaaaaaaaaaaaaaa.jpg","datePublished":"2025-11-28T12:05:00+00:00","dateModified":"2026-02-10T13:59:39+00:00","breadcrumb":{"@id":"https:\/\/comarcas.csm.org.pt\/vila-real\/blog\/2025\/11\/28\/v-conferencia-subordinada-ao-tema-violencia-contra-as-mulheres-desafios-no-mundo-digital-organizada-pelo-tribunal-judicial-da-comarca-de-vila-real-em-parceria-institucional-com\/#breadcrumb"},"inLanguage":"pt-PT","potentialAction":[{"@type":"ReadAction","target":["https:\/\/comarcas.csm.org.pt\/vila-real\/blog\/2025\/11\/28\/v-conferencia-subordinada-ao-tema-violencia-contra-as-mulheres-desafios-no-mundo-digital-organizada-pelo-tribunal-judicial-da-comarca-de-vila-real-em-parceria-institucional-com\/"]}]},{"@type":"ImageObject","inLanguage":"pt-PT","@id":"https:\/\/comarcas.csm.org.pt\/vila-real\/blog\/2025\/11\/28\/v-conferencia-subordinada-ao-tema-violencia-contra-as-mulheres-desafios-no-mundo-digital-organizada-pelo-tribunal-judicial-da-comarca-de-vila-real-em-parceria-institucional-com\/#primaryimage","url":"https:\/\/comarcas.csm.org.pt\/vila-real\/wp-content\/uploads\/sites\/26\/2026\/02\/aaaaaaaaaaaaaaaaaaaaaaaaa.jpg","contentUrl":"https:\/\/comarcas.csm.org.pt\/vila-real\/wp-content\/uploads\/sites\/26\/2026\/02\/aaaaaaaaaaaaaaaaaaaaaaaaa.jpg","width":900,"height":559},{"@type":"BreadcrumbList","@id":"https:\/\/comarcas.csm.org.pt\/vila-real\/blog\/2025\/11\/28\/v-conferencia-subordinada-ao-tema-violencia-contra-as-mulheres-desafios-no-mundo-digital-organizada-pelo-tribunal-judicial-da-comarca-de-vila-real-em-parceria-institucional-com\/#breadcrumb","itemListElement":[{"@type":"ListItem","position":1,"name":"In\u00edcio","item":"https:\/\/comarcas.csm.org.pt\/vila-real\/"},{"@type":"ListItem","position":2,"name":"V Confer\u00eancia subordinada ao tema: &#8220;Viol\u00eancia contra as Mulheres \u2013 Desafios no Mundo Digital&#8221;"}]},{"@type":"WebSite","@id":"https:\/\/comarcas.csm.org.pt\/vila-real\/#website","url":"https:\/\/comarcas.csm.org.pt\/vila-real\/","name":"Tribunal Judicial da Comarca de Vila Real","description":"Tribunal Judicial da Comarca de Vila Real","publisher":{"@id":"https:\/\/comarcas.csm.org.pt\/vila-real\/#organization"},"potentialAction":[{"@type":"SearchAction","target":{"@type":"EntryPoint","urlTemplate":"https:\/\/comarcas.csm.org.pt\/vila-real\/?s={search_term_string}"},"query-input":{"@type":"PropertyValueSpecification","valueRequired":true,"valueName":"search_term_string"}}],"inLanguage":"pt-PT"},{"@type":"Organization","@id":"https:\/\/comarcas.csm.org.pt\/vila-real\/#organization","name":"Tribunal Judicial da Comarca de Vila Real","url":"https:\/\/comarcas.csm.org.pt\/vila-real\/","logo":{"@type":"ImageObject","inLanguage":"pt-PT","@id":"https:\/\/comarcas.csm.org.pt\/vila-real\/#\/schema\/logo\/image\/","url":"https:\/\/comarcas.csm.org.pt\/vila-real\/wp-content\/uploads\/sites\/26\/2024\/11\/cropped-V.-Real_positivo-horizontal-scaled.png","contentUrl":"https:\/\/comarcas.csm.org.pt\/vila-real\/wp-content\/uploads\/sites\/26\/2024\/11\/cropped-V.-Real_positivo-horizontal-scaled.png","width":2560,"height":583,"caption":"Tribunal Judicial da Comarca de Vila Real"},"image":{"@id":"https:\/\/comarcas.csm.org.pt\/vila-real\/#\/schema\/logo\/image\/"}},{"@type":"Person","@id":"https:\/\/comarcas.csm.org.pt\/vila-real\/#\/schema\/person\/1e9fae6242b3062ac84ba50e518f1ca0","name":"vilareal","image":{"@type":"ImageObject","inLanguage":"pt-PT","@id":"https:\/\/comarcas.csm.org.pt\/vila-real\/#\/schema\/person\/image\/","url":"https:\/\/secure.gravatar.com\/avatar\/98728791590a1f9e19a3035ba083b9c4689ba7e751928de880788f3ea1944a2e?s=96&d=mm&r=g","contentUrl":"https:\/\/secure.gravatar.com\/avatar\/98728791590a1f9e19a3035ba083b9c4689ba7e751928de880788f3ea1944a2e?s=96&d=mm&r=g","caption":"vilareal"},"url":"https:\/\/comarcas.csm.org.pt\/vila-real\/blog\/author\/vilareal\/"}]}},"_links":{"self":[{"href":"https:\/\/comarcas.csm.org.pt\/vila-real\/wp-json\/wp\/v2\/posts\/12702","targetHints":{"allow":["GET"]}}],"collection":[{"href":"https:\/\/comarcas.csm.org.pt\/vila-real\/wp-json\/wp\/v2\/posts"}],"about":[{"href":"https:\/\/comarcas.csm.org.pt\/vila-real\/wp-json\/wp\/v2\/types\/post"}],"author":[{"embeddable":true,"href":"https:\/\/comarcas.csm.org.pt\/vila-real\/wp-json\/wp\/v2\/users\/37"}],"replies":[{"embeddable":true,"href":"https:\/\/comarcas.csm.org.pt\/vila-real\/wp-json\/wp\/v2\/comments?post=12702"}],"version-history":[{"count":2,"href":"https:\/\/comarcas.csm.org.pt\/vila-real\/wp-json\/wp\/v2\/posts\/12702\/revisions"}],"predecessor-version":[{"id":12721,"href":"https:\/\/comarcas.csm.org.pt\/vila-real\/wp-json\/wp\/v2\/posts\/12702\/revisions\/12721"}],"wp:attachment":[{"href":"https:\/\/comarcas.csm.org.pt\/vila-real\/wp-json\/wp\/v2\/media?parent=12702"}],"wp:term":[{"taxonomy":"category","embeddable":true,"href":"https:\/\/comarcas.csm.org.pt\/vila-real\/wp-json\/wp\/v2\/categories?post=12702"},{"taxonomy":"post_tag","embeddable":true,"href":"https:\/\/comarcas.csm.org.pt\/vila-real\/wp-json\/wp\/v2\/tags?post=12702"}],"curies":[{"name":"wp","href":"https:\/\/api.w.org\/{rel}","templated":true}]}}