{"id":12705,"date":"2025-12-10T12:23:00","date_gmt":"2025-12-10T12:23:00","guid":{"rendered":"https:\/\/comarcas.csm.org.pt\/vila-real\/?p=12705"},"modified":"2026-02-10T13:57:58","modified_gmt":"2026-02-10T13:57:58","slug":"formacao-meenos-escrita-simples-e-clara-nas-decisoes-judiciais","status":"publish","type":"post","link":"https:\/\/comarcas.csm.org.pt\/vila-real\/blog\/2025\/12\/10\/formacao-meenos-escrita-simples-e-clara-nas-decisoes-judiciais\/","title":{"rendered":"Forma\u00e7\u00e3o MEENOS \u2013 Escrita simples e clara nas decis\u00f5es judiciais"},"content":{"rendered":"\n<p><\/p>\n\n\n\n<p><\/p>\n\n\n\n<p><em>Vai decorrer<\/em> no&nbsp; dia 18 de dezembro, no Tribunal Judicial de Vila Real da Av. Almeida Lucena, a forma\u00e7\u00e3o do projeto <strong>MEENOS \u2013 Escrita simples e clara nas decis\u00f5es judiciais<\/strong>, orientado para a promo\u00e7\u00e3o da acessibilidade, transpar\u00eancia e clareza comunicacional, conforme programa<em> infra<\/em>.<\/p>\n\n\n<div class=\"wp-block-image\">\n<figure class=\"aligncenter size-large\"><img fetchpriority=\"high\" decoding=\"async\" width=\"771\" height=\"1024\" src=\"https:\/\/comarcas.csm.org.pt\/vila-real\/wp-content\/uploads\/sites\/26\/2026\/02\/pppppppppppppppppppppppppppppppppppppp-771x1024.jpg\" alt=\"\" class=\"wp-image-12706\" srcset=\"https:\/\/comarcas.csm.org.pt\/vila-real\/wp-content\/uploads\/sites\/26\/2026\/02\/pppppppppppppppppppppppppppppppppppppp-771x1024.jpg 771w, https:\/\/comarcas.csm.org.pt\/vila-real\/wp-content\/uploads\/sites\/26\/2026\/02\/pppppppppppppppppppppppppppppppppppppp-226x300.jpg 226w, https:\/\/comarcas.csm.org.pt\/vila-real\/wp-content\/uploads\/sites\/26\/2026\/02\/pppppppppppppppppppppppppppppppppppppp-768x1020.jpg 768w, https:\/\/comarcas.csm.org.pt\/vila-real\/wp-content\/uploads\/sites\/26\/2026\/02\/pppppppppppppppppppppppppppppppppppppp.jpg 795w\" sizes=\"(max-width: 771px) 100vw, 771px\" \/><\/figure><\/div>","protected":false},"excerpt":{"rendered":"<p>Vai decorrer no&nbsp; dia 18 de dezembro, no Tribunal Judicial de Vila Real da Av. Almeida Lucena, a forma\u00e7\u00e3o do projeto MEENOS \u2013 Escrita simples e clara nas decis\u00f5es judiciais, orientado para a promo\u00e7\u00e3o da&#8230;<\/p>\n","protected":false},"author":37,"featured_media":0,"comment_status":"closed","ping_status":"open","sticky":false,"template":"","format":"standard","meta":{"_tbt_post_transparent":"","_tbt_post_title":"","_tbt_post_layout":"","_tbt_post_sidebar_id":"","_tbt_post_content_style":"","_tbt_post_vertical_padding":"","_tbt_post_feature":"","_tbt_post_feature_position":"","_tbt_post_header":false,"_tbt_post_footer":false},"categories":[1],"tags":[],"class_list":["post-12705","post","type-post","status-publish","format-standard","hentry","category-geral"],"yoast_head":"<!-- This site is optimized with the Yoast SEO plugin v25.6 - https:\/\/yoast.com\/wordpress\/plugins\/seo\/ -->\n<title>Forma\u00e7\u00e3o MEENOS \u2013 Escrita simples e clara nas decis\u00f5es judiciais - Tribunal Judicial da Comarca de Vila Real<\/title>\n<meta name=\"robots\" content=\"index, follow, max-snippet:-1, max-image-preview:large, max-video-preview:-1\" \/>\n<link rel=\"canonical\" href=\"https:\/\/comarcas.csm.org.pt\/vila-real\/blog\/2025\/12\/10\/formacao-meenos-escrita-simples-e-clara-nas-decisoes-judiciais\/\" \/>\n<meta property=\"og:locale\" content=\"pt_PT\" \/>\n<meta property=\"og:type\" content=\"article\" \/>\n<meta property=\"og:title\" content=\"Forma\u00e7\u00e3o MEENOS \u2013 Escrita simples e clara nas decis\u00f5es judiciais - Tribunal Judicial da Comarca de Vila Real\" \/>\n<meta property=\"og:description\" content=\"Vai decorrer no&nbsp; dia 18 de dezembro, no Tribunal Judicial de Vila Real da Av. Almeida Lucena, a forma\u00e7\u00e3o do projeto MEENOS \u2013 Escrita simples e clara nas decis\u00f5es judiciais, orientado para a promo\u00e7\u00e3o da...\" \/>\n<meta property=\"og:url\" content=\"https:\/\/comarcas.csm.org.pt\/vila-real\/blog\/2025\/12\/10\/formacao-meenos-escrita-simples-e-clara-nas-decisoes-judiciais\/\" \/>\n<meta property=\"og:site_name\" content=\"Tribunal Judicial da Comarca de Vila Real\" \/>\n<meta property=\"article:published_time\" content=\"2025-12-10T12:23:00+00:00\" \/>\n<meta property=\"article:modified_time\" content=\"2026-02-10T13:57:58+00:00\" \/>\n<meta property=\"og:image\" content=\"https:\/\/comarcas.csm.org.pt\/vila-real\/wp-content\/uploads\/sites\/26\/2026\/02\/pppppppppppppppppppppppppppppppppppppp.jpg\" \/>\n\t<meta property=\"og:image:width\" content=\"795\" \/>\n\t<meta property=\"og:image:height\" content=\"1056\" \/>\n\t<meta property=\"og:image:type\" content=\"image\/jpeg\" \/>\n<meta name=\"author\" content=\"vilareal\" \/>\n<meta name=\"twitter:card\" content=\"summary_large_image\" \/>\n<meta name=\"twitter:label1\" content=\"Escrito por\" \/>\n\t<meta name=\"twitter:data1\" content=\"vilareal\" \/>\n\t<meta name=\"twitter:label2\" content=\"Tempo estimado de leitura\" \/>\n\t<meta name=\"twitter:data2\" content=\"1 minuto\" \/>\n<script type=\"application\/ld+json\" class=\"yoast-schema-graph\">{\"@context\":\"https:\/\/schema.org\",\"@graph\":[{\"@type\":\"Article\",\"@id\":\"https:\/\/comarcas.csm.org.pt\/vila-real\/blog\/2025\/12\/10\/formacao-meenos-escrita-simples-e-clara-nas-decisoes-judiciais\/#article\",\"isPartOf\":{\"@id\":\"https:\/\/comarcas.csm.org.pt\/vila-real\/blog\/2025\/12\/10\/formacao-meenos-escrita-simples-e-clara-nas-decisoes-judiciais\/\"},\"author\":{\"name\":\"vilareal\",\"@id\":\"https:\/\/comarcas.csm.org.pt\/vila-real\/#\/schema\/person\/1e9fae6242b3062ac84ba50e518f1ca0\"},\"headline\":\"Forma\u00e7\u00e3o MEENOS \u2013 Escrita simples e clara nas decis\u00f5es judiciais\",\"datePublished\":\"2025-12-10T12:23:00+00:00\",\"dateModified\":\"2026-02-10T13:57:58+00:00\",\"mainEntityOfPage\":{\"@id\":\"https:\/\/comarcas.csm.org.pt\/vila-real\/blog\/2025\/12\/10\/formacao-meenos-escrita-simples-e-clara-nas-decisoes-judiciais\/\"},\"wordCount\":57,\"publisher\":{\"@id\":\"https:\/\/comarcas.csm.org.pt\/vila-real\/#organization\"},\"image\":{\"@id\":\"https:\/\/comarcas.csm.org.pt\/vila-real\/blog\/2025\/12\/10\/formacao-meenos-escrita-simples-e-clara-nas-decisoes-judiciais\/#primaryimage\"},\"thumbnailUrl\":\"https:\/\/comarcas.csm.org.pt\/vila-real\/wp-content\/uploads\/sites\/26\/2026\/02\/pppppppppppppppppppppppppppppppppppppp-771x1024.jpg\",\"articleSection\":[\"Geral\"],\"inLanguage\":\"pt-PT\"},{\"@type\":\"WebPage\",\"@id\":\"https:\/\/comarcas.csm.org.pt\/vila-real\/blog\/2025\/12\/10\/formacao-meenos-escrita-simples-e-clara-nas-decisoes-judiciais\/\",\"url\":\"https:\/\/comarcas.csm.org.pt\/vila-real\/blog\/2025\/12\/10\/formacao-meenos-escrita-simples-e-clara-nas-decisoes-judiciais\/\",\"name\":\"Forma\u00e7\u00e3o MEENOS \u2013 Escrita simples e clara nas decis\u00f5es judiciais - Tribunal Judicial da Comarca de Vila Real\",\"isPartOf\":{\"@id\":\"https:\/\/comarcas.csm.org.pt\/vila-real\/#website\"},\"primaryImageOfPage\":{\"@id\":\"https:\/\/comarcas.csm.org.pt\/vila-real\/blog\/2025\/12\/10\/formacao-meenos-escrita-simples-e-clara-nas-decisoes-judiciais\/#primaryimage\"},\"image\":{\"@id\":\"https:\/\/comarcas.csm.org.pt\/vila-real\/blog\/2025\/12\/10\/formacao-meenos-escrita-simples-e-clara-nas-decisoes-judiciais\/#primaryimage\"},\"thumbnailUrl\":\"https:\/\/comarcas.csm.org.pt\/vila-real\/wp-content\/uploads\/sites\/26\/2026\/02\/pppppppppppppppppppppppppppppppppppppp-771x1024.jpg\",\"datePublished\":\"2025-12-10T12:23:00+00:00\",\"dateModified\":\"2026-02-10T13:57:58+00:00\",\"breadcrumb\":{\"@id\":\"https:\/\/comarcas.csm.org.pt\/vila-real\/blog\/2025\/12\/10\/formacao-meenos-escrita-simples-e-clara-nas-decisoes-judiciais\/#breadcrumb\"},\"inLanguage\":\"pt-PT\",\"potentialAction\":[{\"@type\":\"ReadAction\",\"target\":[\"https:\/\/comarcas.csm.org.pt\/vila-real\/blog\/2025\/12\/10\/formacao-meenos-escrita-simples-e-clara-nas-decisoes-judiciais\/\"]}]},{\"@type\":\"ImageObject\",\"inLanguage\":\"pt-PT\",\"@id\":\"https:\/\/comarcas.csm.org.pt\/vila-real\/blog\/2025\/12\/10\/formacao-meenos-escrita-simples-e-clara-nas-decisoes-judiciais\/#primaryimage\",\"url\":\"https:\/\/comarcas.csm.org.pt\/vila-real\/wp-content\/uploads\/sites\/26\/2026\/02\/pppppppppppppppppppppppppppppppppppppp.jpg\",\"contentUrl\":\"https:\/\/comarcas.csm.org.pt\/vila-real\/wp-content\/uploads\/sites\/26\/2026\/02\/pppppppppppppppppppppppppppppppppppppp.jpg\",\"width\":795,\"height\":1056},{\"@type\":\"BreadcrumbList\",\"@id\":\"https:\/\/comarcas.csm.org.pt\/vila-real\/blog\/2025\/12\/10\/formacao-meenos-escrita-simples-e-clara-nas-decisoes-judiciais\/#breadcrumb\",\"itemListElement\":[{\"@type\":\"ListItem\",\"position\":1,\"name\":\"In\u00edcio\",\"item\":\"https:\/\/comarcas.csm.org.pt\/vila-real\/\"},{\"@type\":\"ListItem\",\"position\":2,\"name\":\"Forma\u00e7\u00e3o MEENOS \u2013 Escrita simples e clara nas decis\u00f5es judiciais\"}]},{\"@type\":\"WebSite\",\"@id\":\"https:\/\/comarcas.csm.org.pt\/vila-real\/#website\",\"url\":\"https:\/\/comarcas.csm.org.pt\/vila-real\/\",\"name\":\"Tribunal Judicial da Comarca de Vila Real\",\"description\":\"Tribunal Judicial da Comarca de Vila Real\",\"publisher\":{\"@id\":\"https:\/\/comarcas.csm.org.pt\/vila-real\/#organization\"},\"potentialAction\":[{\"@type\":\"SearchAction\",\"target\":{\"@type\":\"EntryPoint\",\"urlTemplate\":\"https:\/\/comarcas.csm.org.pt\/vila-real\/?s={search_term_string}\"},\"query-input\":{\"@type\":\"PropertyValueSpecification\",\"valueRequired\":true,\"valueName\":\"search_term_string\"}}],\"inLanguage\":\"pt-PT\"},{\"@type\":\"Organization\",\"@id\":\"https:\/\/comarcas.csm.org.pt\/vila-real\/#organization\",\"name\":\"Tribunal Judicial da Comarca de Vila Real\",\"url\":\"https:\/\/comarcas.csm.org.pt\/vila-real\/\",\"logo\":{\"@type\":\"ImageObject\",\"inLanguage\":\"pt-PT\",\"@id\":\"https:\/\/comarcas.csm.org.pt\/vila-real\/#\/schema\/logo\/image\/\",\"url\":\"https:\/\/comarcas.csm.org.pt\/vila-real\/wp-content\/uploads\/sites\/26\/2024\/11\/cropped-V.-Real_positivo-horizontal-scaled.png\",\"contentUrl\":\"https:\/\/comarcas.csm.org.pt\/vila-real\/wp-content\/uploads\/sites\/26\/2024\/11\/cropped-V.-Real_positivo-horizontal-scaled.png\",\"width\":2560,\"height\":583,\"caption\":\"Tribunal Judicial da Comarca de Vila Real\"},\"image\":{\"@id\":\"https:\/\/comarcas.csm.org.pt\/vila-real\/#\/schema\/logo\/image\/\"}},{\"@type\":\"Person\",\"@id\":\"https:\/\/comarcas.csm.org.pt\/vila-real\/#\/schema\/person\/1e9fae6242b3062ac84ba50e518f1ca0\",\"name\":\"vilareal\",\"image\":{\"@type\":\"ImageObject\",\"inLanguage\":\"pt-PT\",\"@id\":\"https:\/\/comarcas.csm.org.pt\/vila-real\/#\/schema\/person\/image\/\",\"url\":\"https:\/\/secure.gravatar.com\/avatar\/98728791590a1f9e19a3035ba083b9c4689ba7e751928de880788f3ea1944a2e?s=96&d=mm&r=g\",\"contentUrl\":\"https:\/\/secure.gravatar.com\/avatar\/98728791590a1f9e19a3035ba083b9c4689ba7e751928de880788f3ea1944a2e?s=96&d=mm&r=g\",\"caption\":\"vilareal\"},\"url\":\"https:\/\/comarcas.csm.org.pt\/vila-real\/blog\/author\/vilareal\/\"}]}<\/script>\n<!-- \/ Yoast SEO plugin. -->","yoast_head_json":{"title":"Forma\u00e7\u00e3o MEENOS \u2013 Escrita simples e clara nas decis\u00f5es judiciais - Tribunal Judicial da Comarca de Vila Real","robots":{"index":"index","follow":"follow","max-snippet":"max-snippet:-1","max-image-preview":"max-image-preview:large","max-video-preview":"max-video-preview:-1"},"canonical":"https:\/\/comarcas.csm.org.pt\/vila-real\/blog\/2025\/12\/10\/formacao-meenos-escrita-simples-e-clara-nas-decisoes-judiciais\/","og_locale":"pt_PT","og_type":"article","og_title":"Forma\u00e7\u00e3o MEENOS \u2013 Escrita simples e clara nas decis\u00f5es judiciais - Tribunal Judicial da Comarca de Vila Real","og_description":"Vai decorrer no&nbsp; dia 18 de dezembro, no Tribunal Judicial de Vila Real da Av. Almeida Lucena, a forma\u00e7\u00e3o do projeto MEENOS \u2013 Escrita simples e clara nas decis\u00f5es judiciais, orientado para a promo\u00e7\u00e3o da...","og_url":"https:\/\/comarcas.csm.org.pt\/vila-real\/blog\/2025\/12\/10\/formacao-meenos-escrita-simples-e-clara-nas-decisoes-judiciais\/","og_site_name":"Tribunal Judicial da Comarca de Vila Real","article_published_time":"2025-12-10T12:23:00+00:00","article_modified_time":"2026-02-10T13:57:58+00:00","og_image":[{"width":795,"height":1056,"url":"https:\/\/comarcas.csm.org.pt\/vila-real\/wp-content\/uploads\/sites\/26\/2026\/02\/pppppppppppppppppppppppppppppppppppppp.jpg","type":"image\/jpeg"}],"author":"vilareal","twitter_card":"summary_large_image","twitter_misc":{"Escrito por":"vilareal","Tempo estimado de leitura":"1 minuto"},"schema":{"@context":"https:\/\/schema.org","@graph":[{"@type":"Article","@id":"https:\/\/comarcas.csm.org.pt\/vila-real\/blog\/2025\/12\/10\/formacao-meenos-escrita-simples-e-clara-nas-decisoes-judiciais\/#article","isPartOf":{"@id":"https:\/\/comarcas.csm.org.pt\/vila-real\/blog\/2025\/12\/10\/formacao-meenos-escrita-simples-e-clara-nas-decisoes-judiciais\/"},"author":{"name":"vilareal","@id":"https:\/\/comarcas.csm.org.pt\/vila-real\/#\/schema\/person\/1e9fae6242b3062ac84ba50e518f1ca0"},"headline":"Forma\u00e7\u00e3o MEENOS \u2013 Escrita simples e clara nas decis\u00f5es judiciais","datePublished":"2025-12-10T12:23:00+00:00","dateModified":"2026-02-10T13:57:58+00:00","mainEntityOfPage":{"@id":"https:\/\/comarcas.csm.org.pt\/vila-real\/blog\/2025\/12\/10\/formacao-meenos-escrita-simples-e-clara-nas-decisoes-judiciais\/"},"wordCount":57,"publisher":{"@id":"https:\/\/comarcas.csm.org.pt\/vila-real\/#organization"},"image":{"@id":"https:\/\/comarcas.csm.org.pt\/vila-real\/blog\/2025\/12\/10\/formacao-meenos-escrita-simples-e-clara-nas-decisoes-judiciais\/#primaryimage"},"thumbnailUrl":"https:\/\/comarcas.csm.org.pt\/vila-real\/wp-content\/uploads\/sites\/26\/2026\/02\/pppppppppppppppppppppppppppppppppppppp-771x1024.jpg","articleSection":["Geral"],"inLanguage":"pt-PT"},{"@type":"WebPage","@id":"https:\/\/comarcas.csm.org.pt\/vila-real\/blog\/2025\/12\/10\/formacao-meenos-escrita-simples-e-clara-nas-decisoes-judiciais\/","url":"https:\/\/comarcas.csm.org.pt\/vila-real\/blog\/2025\/12\/10\/formacao-meenos-escrita-simples-e-clara-nas-decisoes-judiciais\/","name":"Forma\u00e7\u00e3o MEENOS \u2013 Escrita simples e clara nas decis\u00f5es judiciais - Tribunal Judicial da Comarca de Vila Real","isPartOf":{"@id":"https:\/\/comarcas.csm.org.pt\/vila-real\/#website"},"primaryImageOfPage":{"@id":"https:\/\/comarcas.csm.org.pt\/vila-real\/blog\/2025\/12\/10\/formacao-meenos-escrita-simples-e-clara-nas-decisoes-judiciais\/#primaryimage"},"image":{"@id":"https:\/\/comarcas.csm.org.pt\/vila-real\/blog\/2025\/12\/10\/formacao-meenos-escrita-simples-e-clara-nas-decisoes-judiciais\/#primaryimage"},"thumbnailUrl":"https:\/\/comarcas.csm.org.pt\/vila-real\/wp-content\/uploads\/sites\/26\/2026\/02\/pppppppppppppppppppppppppppppppppppppp-771x1024.jpg","datePublished":"2025-12-10T12:23:00+00:00","dateModified":"2026-02-10T13:57:58+00:00","breadcrumb":{"@id":"https:\/\/comarcas.csm.org.pt\/vila-real\/blog\/2025\/12\/10\/formacao-meenos-escrita-simples-e-clara-nas-decisoes-judiciais\/#breadcrumb"},"inLanguage":"pt-PT","potentialAction":[{"@type":"ReadAction","target":["https:\/\/comarcas.csm.org.pt\/vila-real\/blog\/2025\/12\/10\/formacao-meenos-escrita-simples-e-clara-nas-decisoes-judiciais\/"]}]},{"@type":"ImageObject","inLanguage":"pt-PT","@id":"https:\/\/comarcas.csm.org.pt\/vila-real\/blog\/2025\/12\/10\/formacao-meenos-escrita-simples-e-clara-nas-decisoes-judiciais\/#primaryimage","url":"https:\/\/comarcas.csm.org.pt\/vila-real\/wp-content\/uploads\/sites\/26\/2026\/02\/pppppppppppppppppppppppppppppppppppppp.jpg","contentUrl":"https:\/\/comarcas.csm.org.pt\/vila-real\/wp-content\/uploads\/sites\/26\/2026\/02\/pppppppppppppppppppppppppppppppppppppp.jpg","width":795,"height":1056},{"@type":"BreadcrumbList","@id":"https:\/\/comarcas.csm.org.pt\/vila-real\/blog\/2025\/12\/10\/formacao-meenos-escrita-simples-e-clara-nas-decisoes-judiciais\/#breadcrumb","itemListElement":[{"@type":"ListItem","position":1,"name":"In\u00edcio","item":"https:\/\/comarcas.csm.org.pt\/vila-real\/"},{"@type":"ListItem","position":2,"name":"Forma\u00e7\u00e3o MEENOS \u2013 Escrita simples e clara nas decis\u00f5es judiciais"}]},{"@type":"WebSite","@id":"https:\/\/comarcas.csm.org.pt\/vila-real\/#website","url":"https:\/\/comarcas.csm.org.pt\/vila-real\/","name":"Tribunal Judicial da Comarca de Vila Real","description":"Tribunal Judicial da Comarca de Vila Real","publisher":{"@id":"https:\/\/comarcas.csm.org.pt\/vila-real\/#organization"},"potentialAction":[{"@type":"SearchAction","target":{"@type":"EntryPoint","urlTemplate":"https:\/\/comarcas.csm.org.pt\/vila-real\/?s={search_term_string}"},"query-input":{"@type":"PropertyValueSpecification","valueRequired":true,"valueName":"search_term_string"}}],"inLanguage":"pt-PT"},{"@type":"Organization","@id":"https:\/\/comarcas.csm.org.pt\/vila-real\/#organization","name":"Tribunal Judicial da Comarca de Vila Real","url":"https:\/\/comarcas.csm.org.pt\/vila-real\/","logo":{"@type":"ImageObject","inLanguage":"pt-PT","@id":"https:\/\/comarcas.csm.org.pt\/vila-real\/#\/schema\/logo\/image\/","url":"https:\/\/comarcas.csm.org.pt\/vila-real\/wp-content\/uploads\/sites\/26\/2024\/11\/cropped-V.-Real_positivo-horizontal-scaled.png","contentUrl":"https:\/\/comarcas.csm.org.pt\/vila-real\/wp-content\/uploads\/sites\/26\/2024\/11\/cropped-V.-Real_positivo-horizontal-scaled.png","width":2560,"height":583,"caption":"Tribunal Judicial da Comarca de Vila Real"},"image":{"@id":"https:\/\/comarcas.csm.org.pt\/vila-real\/#\/schema\/logo\/image\/"}},{"@type":"Person","@id":"https:\/\/comarcas.csm.org.pt\/vila-real\/#\/schema\/person\/1e9fae6242b3062ac84ba50e518f1ca0","name":"vilareal","image":{"@type":"ImageObject","inLanguage":"pt-PT","@id":"https:\/\/comarcas.csm.org.pt\/vila-real\/#\/schema\/person\/image\/","url":"https:\/\/secure.gravatar.com\/avatar\/98728791590a1f9e19a3035ba083b9c4689ba7e751928de880788f3ea1944a2e?s=96&d=mm&r=g","contentUrl":"https:\/\/secure.gravatar.com\/avatar\/98728791590a1f9e19a3035ba083b9c4689ba7e751928de880788f3ea1944a2e?s=96&d=mm&r=g","caption":"vilareal"},"url":"https:\/\/comarcas.csm.org.pt\/vila-real\/blog\/author\/vilareal\/"}]}},"_links":{"self":[{"href":"https:\/\/comarcas.csm.org.pt\/vila-real\/wp-json\/wp\/v2\/posts\/12705","targetHints":{"allow":["GET"]}}],"collection":[{"href":"https:\/\/comarcas.csm.org.pt\/vila-real\/wp-json\/wp\/v2\/posts"}],"about":[{"href":"https:\/\/comarcas.csm.org.pt\/vila-real\/wp-json\/wp\/v2\/types\/post"}],"author":[{"embeddable":true,"href":"https:\/\/comarcas.csm.org.pt\/vila-real\/wp-json\/wp\/v2\/users\/37"}],"replies":[{"embeddable":true,"href":"https:\/\/comarcas.csm.org.pt\/vila-real\/wp-json\/wp\/v2\/comments?post=12705"}],"version-history":[{"count":2,"href":"https:\/\/comarcas.csm.org.pt\/vila-real\/wp-json\/wp\/v2\/posts\/12705\/revisions"}],"predecessor-version":[{"id":12720,"href":"https:\/\/comarcas.csm.org.pt\/vila-real\/wp-json\/wp\/v2\/posts\/12705\/revisions\/12720"}],"wp:attachment":[{"href":"https:\/\/comarcas.csm.org.pt\/vila-real\/wp-json\/wp\/v2\/media?parent=12705"}],"wp:term":[{"taxonomy":"category","embeddable":true,"href":"https:\/\/comarcas.csm.org.pt\/vila-real\/wp-json\/wp\/v2\/categories?post=12705"},{"taxonomy":"post_tag","embeddable":true,"href":"https:\/\/comarcas.csm.org.pt\/vila-real\/wp-json\/wp\/v2\/tags?post=12705"}],"curies":[{"name":"wp","href":"https:\/\/api.w.org\/{rel}","templated":true}]}}