{"id":12717,"date":"2025-06-03T13:56:00","date_gmt":"2025-06-03T13:56:00","guid":{"rendered":"https:\/\/comarcas.csm.org.pt\/vila-real\/?p=12717"},"modified":"2026-02-10T13:57:09","modified_gmt":"2026-02-10T13:57:09","slug":"delegacao-da-ordem-dos-advogados-de-vila-real-promove-palestra-sobre-sistemas-judiciais-de-portugal-e-brasil","status":"publish","type":"post","link":"https:\/\/comarcas.csm.org.pt\/vila-real\/blog\/2025\/06\/03\/delegacao-da-ordem-dos-advogados-de-vila-real-promove-palestra-sobre-sistemas-judiciais-de-portugal-e-brasil\/","title":{"rendered":"Delega\u00e7\u00e3o da Ordem dos Advogados de Vila Real promove palestra sobre sistemas judiciais de Portugal e Brasil"},"content":{"rendered":"\n<p><\/p>\n\n\n\n<p><\/p>\n\n\n\n<p><br>No passado dia 29 de maio, a Delega\u00e7\u00e3o da Ordem dos Advogados de Vila Real promoveu uma palestra\u00a0 subordinada ao tema <em>\u201cOs Sistemas Judici\u00e1rios de Portugal e do Brasil\u201d<\/em>, que contou com a presen\u00e7a da Ex.ma Senhora Juiz Presidente do Tribunal Judicial da Comarca de Vila Real e da Senhora Juiz Federal do Tribunal Regional da 6.\u00aa Regi\u00e3o do Brasil.<br>O encontro teve como objetivo a partilha de experi\u00eancias e a an\u00e1lise comparativa da organiza\u00e7\u00e3o judici\u00e1ria dos dois pa\u00edses, permitindo um di\u00e1logo aberto e enriquecedor entre os participantes. A sess\u00e3o decorreu num ambiente informal, tendo-se revelado bastante prof\u00edcua. Estiveram presentes diversos profissionais do setor da justi\u00e7a, nomeadamente ju\u00edzes, procuradores da Rep\u00fablica e advogados.<br>No dia seguinte, 30 de maio, no seguimento da visita oficial, a Sra. Juiz Federal\u00a0 realizou uma visita ao edif\u00edcio sede do Tribunal Judicial da Comarca de Vila Real. Foi acompanhada pela Sra. Juiz Presidente e pelo Sr. Magistrado do Minist\u00e9rio P\u00fablico Coordenador, num momento que serviu para refor\u00e7ar os la\u00e7os de coopera\u00e7\u00e3o e amizade entre as magistraturas dos dois pa\u00edses.<br>Este interc\u00e2mbio sublinha a import\u00e2ncia do di\u00e1logo internacional na promo\u00e7\u00e3o de boas pr\u00e1ticas e no fortalecimento da justi\u00e7a.<\/p>\n\n\n<div class=\"wp-block-image\">\n<figure class=\"aligncenter size-full\"><img fetchpriority=\"high\" decoding=\"async\" width=\"600\" height=\"337\" src=\"https:\/\/comarcas.csm.org.pt\/vila-real\/wp-content\/uploads\/sites\/26\/2026\/02\/Tertulia.jpg\" alt=\"\" class=\"wp-image-12718\" srcset=\"https:\/\/comarcas.csm.org.pt\/vila-real\/wp-content\/uploads\/sites\/26\/2026\/02\/Tertulia.jpg 600w, https:\/\/comarcas.csm.org.pt\/vila-real\/wp-content\/uploads\/sites\/26\/2026\/02\/Tertulia-300x169.jpg 300w\" sizes=\"(max-width: 600px) 100vw, 600px\" \/><\/figure><\/div>","protected":false},"excerpt":{"rendered":"<p>No passado dia 29 de maio, a Delega\u00e7\u00e3o da Ordem dos Advogados de Vila Real promoveu uma palestra\u00a0 subordinada ao tema \u201cOs Sistemas Judici\u00e1rios de Portugal e do Brasil\u201d, que contou com a presen\u00e7a da&#8230;<\/p>\n","protected":false},"author":37,"featured_media":0,"comment_status":"closed","ping_status":"open","sticky":false,"template":"","format":"standard","meta":{"_tbt_post_transparent":"","_tbt_post_title":"","_tbt_post_layout":"","_tbt_post_sidebar_id":"","_tbt_post_content_style":"","_tbt_post_vertical_padding":"","_tbt_post_feature":"","_tbt_post_feature_position":"","_tbt_post_header":false,"_tbt_post_footer":false},"categories":[1],"tags":[],"class_list":["post-12717","post","type-post","status-publish","format-standard","hentry","category-geral"],"yoast_head":"<!-- This site is optimized with the Yoast SEO plugin v25.6 - https:\/\/yoast.com\/wordpress\/plugins\/seo\/ -->\n<title>Delega\u00e7\u00e3o da Ordem dos Advogados de Vila Real promove palestra sobre sistemas judiciais de Portugal e Brasil - Tribunal Judicial da Comarca de Vila Real<\/title>\n<meta name=\"robots\" content=\"index, follow, max-snippet:-1, max-image-preview:large, max-video-preview:-1\" \/>\n<link rel=\"canonical\" href=\"https:\/\/comarcas.csm.org.pt\/vila-real\/blog\/2025\/06\/03\/delegacao-da-ordem-dos-advogados-de-vila-real-promove-palestra-sobre-sistemas-judiciais-de-portugal-e-brasil\/\" \/>\n<meta property=\"og:locale\" content=\"pt_PT\" \/>\n<meta property=\"og:type\" content=\"article\" \/>\n<meta property=\"og:title\" content=\"Delega\u00e7\u00e3o da Ordem dos Advogados de Vila Real promove palestra sobre sistemas judiciais de Portugal e Brasil - Tribunal Judicial da Comarca de Vila Real\" \/>\n<meta property=\"og:description\" content=\"No passado dia 29 de maio, a Delega\u00e7\u00e3o da Ordem dos Advogados de Vila Real promoveu uma palestra\u00a0 subordinada ao tema \u201cOs Sistemas Judici\u00e1rios de Portugal e do Brasil\u201d, que contou com a presen\u00e7a da...\" \/>\n<meta property=\"og:url\" content=\"https:\/\/comarcas.csm.org.pt\/vila-real\/blog\/2025\/06\/03\/delegacao-da-ordem-dos-advogados-de-vila-real-promove-palestra-sobre-sistemas-judiciais-de-portugal-e-brasil\/\" \/>\n<meta property=\"og:site_name\" content=\"Tribunal Judicial da Comarca de Vila Real\" \/>\n<meta property=\"article:published_time\" content=\"2025-06-03T13:56:00+00:00\" \/>\n<meta property=\"article:modified_time\" content=\"2026-02-10T13:57:09+00:00\" \/>\n<meta property=\"og:image\" content=\"https:\/\/comarcas.csm.org.pt\/vila-real\/wp-content\/uploads\/sites\/26\/2026\/02\/Tertulia.jpg\" \/>\n\t<meta property=\"og:image:width\" content=\"600\" \/>\n\t<meta property=\"og:image:height\" content=\"337\" \/>\n\t<meta property=\"og:image:type\" content=\"image\/jpeg\" \/>\n<meta name=\"author\" content=\"vilareal\" \/>\n<meta name=\"twitter:card\" content=\"summary_large_image\" \/>\n<meta name=\"twitter:label1\" content=\"Escrito por\" \/>\n\t<meta name=\"twitter:data1\" content=\"vilareal\" \/>\n\t<meta name=\"twitter:label2\" content=\"Tempo estimado de leitura\" \/>\n\t<meta name=\"twitter:data2\" content=\"2 minutos\" \/>\n<script type=\"application\/ld+json\" class=\"yoast-schema-graph\">{\"@context\":\"https:\/\/schema.org\",\"@graph\":[{\"@type\":\"Article\",\"@id\":\"https:\/\/comarcas.csm.org.pt\/vila-real\/blog\/2025\/06\/03\/delegacao-da-ordem-dos-advogados-de-vila-real-promove-palestra-sobre-sistemas-judiciais-de-portugal-e-brasil\/#article\",\"isPartOf\":{\"@id\":\"https:\/\/comarcas.csm.org.pt\/vila-real\/blog\/2025\/06\/03\/delegacao-da-ordem-dos-advogados-de-vila-real-promove-palestra-sobre-sistemas-judiciais-de-portugal-e-brasil\/\"},\"author\":{\"name\":\"vilareal\",\"@id\":\"https:\/\/comarcas.csm.org.pt\/vila-real\/#\/schema\/person\/1e9fae6242b3062ac84ba50e518f1ca0\"},\"headline\":\"Delega\u00e7\u00e3o da Ordem dos Advogados de Vila Real promove palestra sobre sistemas judiciais de Portugal e Brasil\",\"datePublished\":\"2025-06-03T13:56:00+00:00\",\"dateModified\":\"2026-02-10T13:57:09+00:00\",\"mainEntityOfPage\":{\"@id\":\"https:\/\/comarcas.csm.org.pt\/vila-real\/blog\/2025\/06\/03\/delegacao-da-ordem-dos-advogados-de-vila-real-promove-palestra-sobre-sistemas-judiciais-de-portugal-e-brasil\/\"},\"wordCount\":236,\"publisher\":{\"@id\":\"https:\/\/comarcas.csm.org.pt\/vila-real\/#organization\"},\"image\":{\"@id\":\"https:\/\/comarcas.csm.org.pt\/vila-real\/blog\/2025\/06\/03\/delegacao-da-ordem-dos-advogados-de-vila-real-promove-palestra-sobre-sistemas-judiciais-de-portugal-e-brasil\/#primaryimage\"},\"thumbnailUrl\":\"https:\/\/comarcas.csm.org.pt\/vila-real\/wp-content\/uploads\/sites\/26\/2026\/02\/Tertulia.jpg\",\"articleSection\":[\"Geral\"],\"inLanguage\":\"pt-PT\"},{\"@type\":\"WebPage\",\"@id\":\"https:\/\/comarcas.csm.org.pt\/vila-real\/blog\/2025\/06\/03\/delegacao-da-ordem-dos-advogados-de-vila-real-promove-palestra-sobre-sistemas-judiciais-de-portugal-e-brasil\/\",\"url\":\"https:\/\/comarcas.csm.org.pt\/vila-real\/blog\/2025\/06\/03\/delegacao-da-ordem-dos-advogados-de-vila-real-promove-palestra-sobre-sistemas-judiciais-de-portugal-e-brasil\/\",\"name\":\"Delega\u00e7\u00e3o da Ordem dos Advogados de Vila Real promove palestra sobre sistemas judiciais de Portugal e Brasil - Tribunal Judicial da Comarca de Vila Real\",\"isPartOf\":{\"@id\":\"https:\/\/comarcas.csm.org.pt\/vila-real\/#website\"},\"primaryImageOfPage\":{\"@id\":\"https:\/\/comarcas.csm.org.pt\/vila-real\/blog\/2025\/06\/03\/delegacao-da-ordem-dos-advogados-de-vila-real-promove-palestra-sobre-sistemas-judiciais-de-portugal-e-brasil\/#primaryimage\"},\"image\":{\"@id\":\"https:\/\/comarcas.csm.org.pt\/vila-real\/blog\/2025\/06\/03\/delegacao-da-ordem-dos-advogados-de-vila-real-promove-palestra-sobre-sistemas-judiciais-de-portugal-e-brasil\/#primaryimage\"},\"thumbnailUrl\":\"https:\/\/comarcas.csm.org.pt\/vila-real\/wp-content\/uploads\/sites\/26\/2026\/02\/Tertulia.jpg\",\"datePublished\":\"2025-06-03T13:56:00+00:00\",\"dateModified\":\"2026-02-10T13:57:09+00:00\",\"breadcrumb\":{\"@id\":\"https:\/\/comarcas.csm.org.pt\/vila-real\/blog\/2025\/06\/03\/delegacao-da-ordem-dos-advogados-de-vila-real-promove-palestra-sobre-sistemas-judiciais-de-portugal-e-brasil\/#breadcrumb\"},\"inLanguage\":\"pt-PT\",\"potentialAction\":[{\"@type\":\"ReadAction\",\"target\":[\"https:\/\/comarcas.csm.org.pt\/vila-real\/blog\/2025\/06\/03\/delegacao-da-ordem-dos-advogados-de-vila-real-promove-palestra-sobre-sistemas-judiciais-de-portugal-e-brasil\/\"]}]},{\"@type\":\"ImageObject\",\"inLanguage\":\"pt-PT\",\"@id\":\"https:\/\/comarcas.csm.org.pt\/vila-real\/blog\/2025\/06\/03\/delegacao-da-ordem-dos-advogados-de-vila-real-promove-palestra-sobre-sistemas-judiciais-de-portugal-e-brasil\/#primaryimage\",\"url\":\"https:\/\/comarcas.csm.org.pt\/vila-real\/wp-content\/uploads\/sites\/26\/2026\/02\/Tertulia.jpg\",\"contentUrl\":\"https:\/\/comarcas.csm.org.pt\/vila-real\/wp-content\/uploads\/sites\/26\/2026\/02\/Tertulia.jpg\",\"width\":600,\"height\":337},{\"@type\":\"BreadcrumbList\",\"@id\":\"https:\/\/comarcas.csm.org.pt\/vila-real\/blog\/2025\/06\/03\/delegacao-da-ordem-dos-advogados-de-vila-real-promove-palestra-sobre-sistemas-judiciais-de-portugal-e-brasil\/#breadcrumb\",\"itemListElement\":[{\"@type\":\"ListItem\",\"position\":1,\"name\":\"In\u00edcio\",\"item\":\"https:\/\/comarcas.csm.org.pt\/vila-real\/\"},{\"@type\":\"ListItem\",\"position\":2,\"name\":\"Delega\u00e7\u00e3o da Ordem dos Advogados de Vila Real promove palestra sobre sistemas judiciais de Portugal e Brasil\"}]},{\"@type\":\"WebSite\",\"@id\":\"https:\/\/comarcas.csm.org.pt\/vila-real\/#website\",\"url\":\"https:\/\/comarcas.csm.org.pt\/vila-real\/\",\"name\":\"Tribunal Judicial da Comarca de Vila Real\",\"description\":\"Tribunal Judicial da Comarca de Vila Real\",\"publisher\":{\"@id\":\"https:\/\/comarcas.csm.org.pt\/vila-real\/#organization\"},\"potentialAction\":[{\"@type\":\"SearchAction\",\"target\":{\"@type\":\"EntryPoint\",\"urlTemplate\":\"https:\/\/comarcas.csm.org.pt\/vila-real\/?s={search_term_string}\"},\"query-input\":{\"@type\":\"PropertyValueSpecification\",\"valueRequired\":true,\"valueName\":\"search_term_string\"}}],\"inLanguage\":\"pt-PT\"},{\"@type\":\"Organization\",\"@id\":\"https:\/\/comarcas.csm.org.pt\/vila-real\/#organization\",\"name\":\"Tribunal Judicial da Comarca de Vila Real\",\"url\":\"https:\/\/comarcas.csm.org.pt\/vila-real\/\",\"logo\":{\"@type\":\"ImageObject\",\"inLanguage\":\"pt-PT\",\"@id\":\"https:\/\/comarcas.csm.org.pt\/vila-real\/#\/schema\/logo\/image\/\",\"url\":\"https:\/\/comarcas.csm.org.pt\/vila-real\/wp-content\/uploads\/sites\/26\/2024\/11\/cropped-V.-Real_positivo-horizontal-scaled.png\",\"contentUrl\":\"https:\/\/comarcas.csm.org.pt\/vila-real\/wp-content\/uploads\/sites\/26\/2024\/11\/cropped-V.-Real_positivo-horizontal-scaled.png\",\"width\":2560,\"height\":583,\"caption\":\"Tribunal Judicial da Comarca de Vila Real\"},\"image\":{\"@id\":\"https:\/\/comarcas.csm.org.pt\/vila-real\/#\/schema\/logo\/image\/\"}},{\"@type\":\"Person\",\"@id\":\"https:\/\/comarcas.csm.org.pt\/vila-real\/#\/schema\/person\/1e9fae6242b3062ac84ba50e518f1ca0\",\"name\":\"vilareal\",\"image\":{\"@type\":\"ImageObject\",\"inLanguage\":\"pt-PT\",\"@id\":\"https:\/\/comarcas.csm.org.pt\/vila-real\/#\/schema\/person\/image\/\",\"url\":\"https:\/\/secure.gravatar.com\/avatar\/98728791590a1f9e19a3035ba083b9c4689ba7e751928de880788f3ea1944a2e?s=96&d=mm&r=g\",\"contentUrl\":\"https:\/\/secure.gravatar.com\/avatar\/98728791590a1f9e19a3035ba083b9c4689ba7e751928de880788f3ea1944a2e?s=96&d=mm&r=g\",\"caption\":\"vilareal\"},\"url\":\"https:\/\/comarcas.csm.org.pt\/vila-real\/blog\/author\/vilareal\/\"}]}<\/script>\n<!-- \/ Yoast SEO plugin. -->","yoast_head_json":{"title":"Delega\u00e7\u00e3o da Ordem dos Advogados de Vila Real promove palestra sobre sistemas judiciais de Portugal e Brasil - Tribunal Judicial da Comarca de Vila Real","robots":{"index":"index","follow":"follow","max-snippet":"max-snippet:-1","max-image-preview":"max-image-preview:large","max-video-preview":"max-video-preview:-1"},"canonical":"https:\/\/comarcas.csm.org.pt\/vila-real\/blog\/2025\/06\/03\/delegacao-da-ordem-dos-advogados-de-vila-real-promove-palestra-sobre-sistemas-judiciais-de-portugal-e-brasil\/","og_locale":"pt_PT","og_type":"article","og_title":"Delega\u00e7\u00e3o da Ordem dos Advogados de Vila Real promove palestra sobre sistemas judiciais de Portugal e Brasil - Tribunal Judicial da Comarca de Vila Real","og_description":"No passado dia 29 de maio, a Delega\u00e7\u00e3o da Ordem dos Advogados de Vila Real promoveu uma palestra\u00a0 subordinada ao tema \u201cOs Sistemas Judici\u00e1rios de Portugal e do Brasil\u201d, que contou com a presen\u00e7a da...","og_url":"https:\/\/comarcas.csm.org.pt\/vila-real\/blog\/2025\/06\/03\/delegacao-da-ordem-dos-advogados-de-vila-real-promove-palestra-sobre-sistemas-judiciais-de-portugal-e-brasil\/","og_site_name":"Tribunal Judicial da Comarca de Vila Real","article_published_time":"2025-06-03T13:56:00+00:00","article_modified_time":"2026-02-10T13:57:09+00:00","og_image":[{"width":600,"height":337,"url":"https:\/\/comarcas.csm.org.pt\/vila-real\/wp-content\/uploads\/sites\/26\/2026\/02\/Tertulia.jpg","type":"image\/jpeg"}],"author":"vilareal","twitter_card":"summary_large_image","twitter_misc":{"Escrito por":"vilareal","Tempo estimado de leitura":"2 minutos"},"schema":{"@context":"https:\/\/schema.org","@graph":[{"@type":"Article","@id":"https:\/\/comarcas.csm.org.pt\/vila-real\/blog\/2025\/06\/03\/delegacao-da-ordem-dos-advogados-de-vila-real-promove-palestra-sobre-sistemas-judiciais-de-portugal-e-brasil\/#article","isPartOf":{"@id":"https:\/\/comarcas.csm.org.pt\/vila-real\/blog\/2025\/06\/03\/delegacao-da-ordem-dos-advogados-de-vila-real-promove-palestra-sobre-sistemas-judiciais-de-portugal-e-brasil\/"},"author":{"name":"vilareal","@id":"https:\/\/comarcas.csm.org.pt\/vila-real\/#\/schema\/person\/1e9fae6242b3062ac84ba50e518f1ca0"},"headline":"Delega\u00e7\u00e3o da Ordem dos Advogados de Vila Real promove palestra sobre sistemas judiciais de Portugal e Brasil","datePublished":"2025-06-03T13:56:00+00:00","dateModified":"2026-02-10T13:57:09+00:00","mainEntityOfPage":{"@id":"https:\/\/comarcas.csm.org.pt\/vila-real\/blog\/2025\/06\/03\/delegacao-da-ordem-dos-advogados-de-vila-real-promove-palestra-sobre-sistemas-judiciais-de-portugal-e-brasil\/"},"wordCount":236,"publisher":{"@id":"https:\/\/comarcas.csm.org.pt\/vila-real\/#organization"},"image":{"@id":"https:\/\/comarcas.csm.org.pt\/vila-real\/blog\/2025\/06\/03\/delegacao-da-ordem-dos-advogados-de-vila-real-promove-palestra-sobre-sistemas-judiciais-de-portugal-e-brasil\/#primaryimage"},"thumbnailUrl":"https:\/\/comarcas.csm.org.pt\/vila-real\/wp-content\/uploads\/sites\/26\/2026\/02\/Tertulia.jpg","articleSection":["Geral"],"inLanguage":"pt-PT"},{"@type":"WebPage","@id":"https:\/\/comarcas.csm.org.pt\/vila-real\/blog\/2025\/06\/03\/delegacao-da-ordem-dos-advogados-de-vila-real-promove-palestra-sobre-sistemas-judiciais-de-portugal-e-brasil\/","url":"https:\/\/comarcas.csm.org.pt\/vila-real\/blog\/2025\/06\/03\/delegacao-da-ordem-dos-advogados-de-vila-real-promove-palestra-sobre-sistemas-judiciais-de-portugal-e-brasil\/","name":"Delega\u00e7\u00e3o da Ordem dos Advogados de Vila Real promove palestra sobre sistemas judiciais de Portugal e Brasil - Tribunal Judicial da Comarca de Vila Real","isPartOf":{"@id":"https:\/\/comarcas.csm.org.pt\/vila-real\/#website"},"primaryImageOfPage":{"@id":"https:\/\/comarcas.csm.org.pt\/vila-real\/blog\/2025\/06\/03\/delegacao-da-ordem-dos-advogados-de-vila-real-promove-palestra-sobre-sistemas-judiciais-de-portugal-e-brasil\/#primaryimage"},"image":{"@id":"https:\/\/comarcas.csm.org.pt\/vila-real\/blog\/2025\/06\/03\/delegacao-da-ordem-dos-advogados-de-vila-real-promove-palestra-sobre-sistemas-judiciais-de-portugal-e-brasil\/#primaryimage"},"thumbnailUrl":"https:\/\/comarcas.csm.org.pt\/vila-real\/wp-content\/uploads\/sites\/26\/2026\/02\/Tertulia.jpg","datePublished":"2025-06-03T13:56:00+00:00","dateModified":"2026-02-10T13:57:09+00:00","breadcrumb":{"@id":"https:\/\/comarcas.csm.org.pt\/vila-real\/blog\/2025\/06\/03\/delegacao-da-ordem-dos-advogados-de-vila-real-promove-palestra-sobre-sistemas-judiciais-de-portugal-e-brasil\/#breadcrumb"},"inLanguage":"pt-PT","potentialAction":[{"@type":"ReadAction","target":["https:\/\/comarcas.csm.org.pt\/vila-real\/blog\/2025\/06\/03\/delegacao-da-ordem-dos-advogados-de-vila-real-promove-palestra-sobre-sistemas-judiciais-de-portugal-e-brasil\/"]}]},{"@type":"ImageObject","inLanguage":"pt-PT","@id":"https:\/\/comarcas.csm.org.pt\/vila-real\/blog\/2025\/06\/03\/delegacao-da-ordem-dos-advogados-de-vila-real-promove-palestra-sobre-sistemas-judiciais-de-portugal-e-brasil\/#primaryimage","url":"https:\/\/comarcas.csm.org.pt\/vila-real\/wp-content\/uploads\/sites\/26\/2026\/02\/Tertulia.jpg","contentUrl":"https:\/\/comarcas.csm.org.pt\/vila-real\/wp-content\/uploads\/sites\/26\/2026\/02\/Tertulia.jpg","width":600,"height":337},{"@type":"BreadcrumbList","@id":"https:\/\/comarcas.csm.org.pt\/vila-real\/blog\/2025\/06\/03\/delegacao-da-ordem-dos-advogados-de-vila-real-promove-palestra-sobre-sistemas-judiciais-de-portugal-e-brasil\/#breadcrumb","itemListElement":[{"@type":"ListItem","position":1,"name":"In\u00edcio","item":"https:\/\/comarcas.csm.org.pt\/vila-real\/"},{"@type":"ListItem","position":2,"name":"Delega\u00e7\u00e3o da Ordem dos Advogados de Vila Real promove palestra sobre sistemas judiciais de Portugal e Brasil"}]},{"@type":"WebSite","@id":"https:\/\/comarcas.csm.org.pt\/vila-real\/#website","url":"https:\/\/comarcas.csm.org.pt\/vila-real\/","name":"Tribunal Judicial da Comarca de Vila Real","description":"Tribunal Judicial da Comarca de Vila Real","publisher":{"@id":"https:\/\/comarcas.csm.org.pt\/vila-real\/#organization"},"potentialAction":[{"@type":"SearchAction","target":{"@type":"EntryPoint","urlTemplate":"https:\/\/comarcas.csm.org.pt\/vila-real\/?s={search_term_string}"},"query-input":{"@type":"PropertyValueSpecification","valueRequired":true,"valueName":"search_term_string"}}],"inLanguage":"pt-PT"},{"@type":"Organization","@id":"https:\/\/comarcas.csm.org.pt\/vila-real\/#organization","name":"Tribunal Judicial da Comarca de Vila Real","url":"https:\/\/comarcas.csm.org.pt\/vila-real\/","logo":{"@type":"ImageObject","inLanguage":"pt-PT","@id":"https:\/\/comarcas.csm.org.pt\/vila-real\/#\/schema\/logo\/image\/","url":"https:\/\/comarcas.csm.org.pt\/vila-real\/wp-content\/uploads\/sites\/26\/2024\/11\/cropped-V.-Real_positivo-horizontal-scaled.png","contentUrl":"https:\/\/comarcas.csm.org.pt\/vila-real\/wp-content\/uploads\/sites\/26\/2024\/11\/cropped-V.-Real_positivo-horizontal-scaled.png","width":2560,"height":583,"caption":"Tribunal Judicial da Comarca de Vila Real"},"image":{"@id":"https:\/\/comarcas.csm.org.pt\/vila-real\/#\/schema\/logo\/image\/"}},{"@type":"Person","@id":"https:\/\/comarcas.csm.org.pt\/vila-real\/#\/schema\/person\/1e9fae6242b3062ac84ba50e518f1ca0","name":"vilareal","image":{"@type":"ImageObject","inLanguage":"pt-PT","@id":"https:\/\/comarcas.csm.org.pt\/vila-real\/#\/schema\/person\/image\/","url":"https:\/\/secure.gravatar.com\/avatar\/98728791590a1f9e19a3035ba083b9c4689ba7e751928de880788f3ea1944a2e?s=96&d=mm&r=g","contentUrl":"https:\/\/secure.gravatar.com\/avatar\/98728791590a1f9e19a3035ba083b9c4689ba7e751928de880788f3ea1944a2e?s=96&d=mm&r=g","caption":"vilareal"},"url":"https:\/\/comarcas.csm.org.pt\/vila-real\/blog\/author\/vilareal\/"}]}},"_links":{"self":[{"href":"https:\/\/comarcas.csm.org.pt\/vila-real\/wp-json\/wp\/v2\/posts\/12717","targetHints":{"allow":["GET"]}}],"collection":[{"href":"https:\/\/comarcas.csm.org.pt\/vila-real\/wp-json\/wp\/v2\/posts"}],"about":[{"href":"https:\/\/comarcas.csm.org.pt\/vila-real\/wp-json\/wp\/v2\/types\/post"}],"author":[{"embeddable":true,"href":"https:\/\/comarcas.csm.org.pt\/vila-real\/wp-json\/wp\/v2\/users\/37"}],"replies":[{"embeddable":true,"href":"https:\/\/comarcas.csm.org.pt\/vila-real\/wp-json\/wp\/v2\/comments?post=12717"}],"version-history":[{"count":1,"href":"https:\/\/comarcas.csm.org.pt\/vila-real\/wp-json\/wp\/v2\/posts\/12717\/revisions"}],"predecessor-version":[{"id":12719,"href":"https:\/\/comarcas.csm.org.pt\/vila-real\/wp-json\/wp\/v2\/posts\/12717\/revisions\/12719"}],"wp:attachment":[{"href":"https:\/\/comarcas.csm.org.pt\/vila-real\/wp-json\/wp\/v2\/media?parent=12717"}],"wp:term":[{"taxonomy":"category","embeddable":true,"href":"https:\/\/comarcas.csm.org.pt\/vila-real\/wp-json\/wp\/v2\/categories?post=12717"},{"taxonomy":"post_tag","embeddable":true,"href":"https:\/\/comarcas.csm.org.pt\/vila-real\/wp-json\/wp\/v2\/tags?post=12717"}],"curies":[{"name":"wp","href":"https:\/\/api.w.org\/{rel}","templated":true}]}}