{"id":12722,"date":"2025-05-29T14:00:00","date_gmt":"2025-05-29T14:00:00","guid":{"rendered":"https:\/\/comarcas.csm.org.pt\/vila-real\/?p=12722"},"modified":"2026-02-10T14:02:46","modified_gmt":"2026-02-10T14:02:46","slug":"dia-da-comarca-de-vila-real-edicao-2025","status":"publish","type":"post","link":"https:\/\/comarcas.csm.org.pt\/vila-real\/blog\/2025\/05\/29\/dia-da-comarca-de-vila-real-edicao-2025\/","title":{"rendered":"Dia da Comarca de Vila Real \u2013 Edi\u00e7\u00e3o 2025"},"content":{"rendered":"\n<p><\/p>\n\n\n\n<p><\/p>\n\n\n\n<p><strong>Dia da Comarca de Vila Real \u2013 Edi\u00e7\u00e3o 2025<\/strong><br><em>Chaves recebeu a terceira edi\u00e7\u00e3o da iniciativa anual<\/em><\/p>\n\n\n\n<p class=\"has-text-align-left\">No passado dia 24 de maio de 2025, o Tribunal Judicial da Comarca de Vila Real celebrou mais uma edi\u00e7\u00e3o do\u00a0<strong>Dia da Comarca<\/strong>, este ano realizado no Munic\u00edpio de\u00a0<strong>Chaves<\/strong>. A iniciativa, j\u00e1 consolidada como um momento de valoriza\u00e7\u00e3o institucional e cultural, reuniu magistrados judiciais e do Minist\u00e9rio P\u00fablico, oficiais de justi\u00e7a, funcion\u00e1rios, advogados, \u00f3rg\u00e3os de pol\u00edcia criminal, familiares e convidados, num ambiente de confraterniza\u00e7\u00e3o e partilha.<br>O acolhimento institucional decorreu no Pal\u00e1cio da Justi\u00e7a de Chaves, onde foram proferidas palavras de boas-vindas pelas entidades presentes. O programa cultural iniciou-se com uma visita ao\u00a0<strong>Museu de Arte Contempor\u00e2nea Nadir Afonso<\/strong>, destacando-se a exposi\u00e7\u00e3o\u00a0<em>Nadir Sequenzas<\/em>, seguida de uma passagem pelo\u00a0<strong>Museu das Termas Romanas<\/strong>, espa\u00e7o arqueol\u00f3gico que evidencia a ancestral liga\u00e7\u00e3o da cidade \u00e0 cultura termal.<br>A jornada prosseguiu com um momento de conv\u00edvio gastron\u00f3mico num restaurante local, valorizando a hospitalidade e sabores t\u00edpicos da regi\u00e3o flaviense.<br>Durante a tarde, os participantes visitaram o\u00a0<strong>Complexo Termal \u2013 Aquae Salutem<\/strong>, testemunhando o cruzamento entre tradi\u00e7\u00e3o e inova\u00e7\u00e3o nos usos terap\u00eauticos da \u00e1gua. A experi\u00eancia foi complementada por uma imers\u00e3o sensorial no\u00a0<strong>Aquanatur Palace<\/strong>, \u00a0espa\u00e7o\u00a0 que nos conta a hist\u00f3ria e a import\u00e2ncia da \u00e1gua, no ciclo da vida.<br>O programa incluiu ainda um percurso pelo\u00a0<strong>Centro Hist\u00f3rico de Chaves<\/strong>, com passagens pelo\u00a0<strong>Museu da Regi\u00e3o Flaviense<\/strong>\u00a0e pelo\u00a0<strong>Museu Militar<\/strong>, proporcionando uma perspetiva alargada sobre o patrim\u00f3nio hist\u00f3rico e identit\u00e1rio da cidade.<br>O encerramento decorreu com um apontamento gastron\u00f3mico, num momento de conv\u00edvio que concluiu simbolicamente um dia dedicado ao conhecimento, \u00e0 valoriza\u00e7\u00e3o do territ\u00f3rio e ao fortalecimento dos la\u00e7os entre os operadores judici\u00e1rios.<br>Institu\u00eddo em 2022 pelo Conselho de Gest\u00e3o do Tribunal Judicial da Comarca de Vila Real, sob proposta da Senhora Juiz Presidente, Desembargadora,\u00a0<strong>Dr.\u00aa Maria Herm\u00ednia N\u00e9ri de Oliveira<\/strong>, o\u00a0<strong>Dia da Comarca<\/strong>\u00a0tem como objetivo refor\u00e7ar os v\u00ednculos institucionais entre os profissionais da justi\u00e7a e dar a conhecer o patrim\u00f3nio hist\u00f3rico, cultural e social dos diferentes munic\u00edpios que integram a Comarca.<br>Ap\u00f3s as edi\u00e7\u00f5es anteriores em\u00a0<strong>Alij\u00f3 (2023)<\/strong>\u00a0e\u00a0<strong>Boticas (2024)<\/strong>,\u00a0<strong>Chaves<\/strong>\u00a0foi o munic\u00edpio anfitri\u00e3o da edi\u00e7\u00e3o de 2025, seguindo-se a ordem alfab\u00e9tica estabelecida.<br>Fica j\u00e1 anunciado que, em\u00a0<strong>2026<\/strong>, as comemora\u00e7\u00f5es do\u00a0<strong>Dia da Comarca<\/strong>\u00a0ter\u00e3o lugar no concelho de\u00a0<strong>Mes\u00e3o Frio<\/strong>, estando prevista a sua realiza\u00e7\u00e3o no dia\u00a0<strong>23 de maio<\/strong>.<br><br><em><strong>Imagens do evento:<\/strong>\u00a0<\/em><a href=\"https:\/\/drive.google.com\/drive\/folders\/10wSykqTeuKW8Yo5qp30Eh5qa-b-8pH50?usp=drive_link%C2%A0\"><a href=\"https:\/\/drive.google.com\/drive\/folders\/10wSykqTeuKW8Yo5qp30Eh5qa-b-8pH50\">Dia da Comarca_2025 \u2013 Google Drive<\/a><\/a><\/p>\n\n\n<div class=\"wp-block-image\">\n<figure class=\"aligncenter size-full\"><img fetchpriority=\"high\" decoding=\"async\" width=\"574\" height=\"434\" src=\"https:\/\/comarcas.csm.org.pt\/vila-real\/wp-content\/uploads\/sites\/26\/2026\/02\/iiii.jpg\" alt=\"\" class=\"wp-image-12723\" srcset=\"https:\/\/comarcas.csm.org.pt\/vila-real\/wp-content\/uploads\/sites\/26\/2026\/02\/iiii.jpg 574w, https:\/\/comarcas.csm.org.pt\/vila-real\/wp-content\/uploads\/sites\/26\/2026\/02\/iiii-300x227.jpg 300w\" sizes=\"(max-width: 574px) 100vw, 574px\" \/><\/figure><\/div>","protected":false},"excerpt":{"rendered":"<p>Dia da Comarca de Vila Real \u2013 Edi\u00e7\u00e3o 2025Chaves recebeu a terceira edi\u00e7\u00e3o da iniciativa anual No passado dia 24 de maio de 2025, o Tribunal Judicial da Comarca de Vila Real celebrou mais uma&#8230;<\/p>\n","protected":false},"author":37,"featured_media":0,"comment_status":"closed","ping_status":"open","sticky":false,"template":"","format":"standard","meta":{"_tbt_post_transparent":"","_tbt_post_title":"","_tbt_post_layout":"","_tbt_post_sidebar_id":"","_tbt_post_content_style":"","_tbt_post_vertical_padding":"","_tbt_post_feature":"","_tbt_post_feature_position":"","_tbt_post_header":false,"_tbt_post_footer":false},"categories":[1],"tags":[],"class_list":["post-12722","post","type-post","status-publish","format-standard","hentry","category-geral"],"yoast_head":"<!-- This site is optimized with the Yoast SEO plugin v25.6 - https:\/\/yoast.com\/wordpress\/plugins\/seo\/ -->\n<title>Dia da Comarca de Vila Real \u2013 Edi\u00e7\u00e3o 2025 - Tribunal Judicial da Comarca de Vila Real<\/title>\n<meta name=\"robots\" content=\"index, follow, max-snippet:-1, max-image-preview:large, max-video-preview:-1\" \/>\n<link rel=\"canonical\" href=\"https:\/\/comarcas.csm.org.pt\/vila-real\/blog\/2025\/05\/29\/dia-da-comarca-de-vila-real-edicao-2025\/\" \/>\n<meta property=\"og:locale\" content=\"pt_PT\" \/>\n<meta property=\"og:type\" content=\"article\" \/>\n<meta property=\"og:title\" content=\"Dia da Comarca de Vila Real \u2013 Edi\u00e7\u00e3o 2025 - Tribunal Judicial da Comarca de Vila Real\" \/>\n<meta property=\"og:description\" content=\"Dia da Comarca de Vila Real \u2013 Edi\u00e7\u00e3o 2025Chaves recebeu a terceira edi\u00e7\u00e3o da iniciativa anual No passado dia 24 de maio de 2025, o Tribunal Judicial da Comarca de Vila Real celebrou mais uma...\" \/>\n<meta property=\"og:url\" content=\"https:\/\/comarcas.csm.org.pt\/vila-real\/blog\/2025\/05\/29\/dia-da-comarca-de-vila-real-edicao-2025\/\" \/>\n<meta property=\"og:site_name\" content=\"Tribunal Judicial da Comarca de Vila Real\" \/>\n<meta property=\"article:published_time\" content=\"2025-05-29T14:00:00+00:00\" \/>\n<meta property=\"article:modified_time\" content=\"2026-02-10T14:02:46+00:00\" \/>\n<meta property=\"og:image\" content=\"https:\/\/comarcas.csm.org.pt\/vila-real\/wp-content\/uploads\/sites\/26\/2026\/02\/iiii.jpg\" \/>\n\t<meta property=\"og:image:width\" content=\"574\" \/>\n\t<meta property=\"og:image:height\" content=\"434\" \/>\n\t<meta property=\"og:image:type\" content=\"image\/jpeg\" \/>\n<meta name=\"author\" content=\"vilareal\" \/>\n<meta name=\"twitter:card\" content=\"summary_large_image\" \/>\n<meta name=\"twitter:label1\" content=\"Escrito por\" \/>\n\t<meta name=\"twitter:data1\" content=\"vilareal\" \/>\n\t<meta name=\"twitter:label2\" content=\"Tempo estimado de leitura\" \/>\n\t<meta name=\"twitter:data2\" content=\"3 minutos\" \/>\n<script type=\"application\/ld+json\" class=\"yoast-schema-graph\">{\"@context\":\"https:\/\/schema.org\",\"@graph\":[{\"@type\":\"Article\",\"@id\":\"https:\/\/comarcas.csm.org.pt\/vila-real\/blog\/2025\/05\/29\/dia-da-comarca-de-vila-real-edicao-2025\/#article\",\"isPartOf\":{\"@id\":\"https:\/\/comarcas.csm.org.pt\/vila-real\/blog\/2025\/05\/29\/dia-da-comarca-de-vila-real-edicao-2025\/\"},\"author\":{\"name\":\"vilareal\",\"@id\":\"https:\/\/comarcas.csm.org.pt\/vila-real\/#\/schema\/person\/1e9fae6242b3062ac84ba50e518f1ca0\"},\"headline\":\"Dia da Comarca de Vila Real \u2013 Edi\u00e7\u00e3o 2025\",\"datePublished\":\"2025-05-29T14:00:00+00:00\",\"dateModified\":\"2026-02-10T14:02:46+00:00\",\"mainEntityOfPage\":{\"@id\":\"https:\/\/comarcas.csm.org.pt\/vila-real\/blog\/2025\/05\/29\/dia-da-comarca-de-vila-real-edicao-2025\/\"},\"wordCount\":460,\"publisher\":{\"@id\":\"https:\/\/comarcas.csm.org.pt\/vila-real\/#organization\"},\"image\":{\"@id\":\"https:\/\/comarcas.csm.org.pt\/vila-real\/blog\/2025\/05\/29\/dia-da-comarca-de-vila-real-edicao-2025\/#primaryimage\"},\"thumbnailUrl\":\"https:\/\/comarcas.csm.org.pt\/vila-real\/wp-content\/uploads\/sites\/26\/2026\/02\/iiii.jpg\",\"articleSection\":[\"Geral\"],\"inLanguage\":\"pt-PT\"},{\"@type\":\"WebPage\",\"@id\":\"https:\/\/comarcas.csm.org.pt\/vila-real\/blog\/2025\/05\/29\/dia-da-comarca-de-vila-real-edicao-2025\/\",\"url\":\"https:\/\/comarcas.csm.org.pt\/vila-real\/blog\/2025\/05\/29\/dia-da-comarca-de-vila-real-edicao-2025\/\",\"name\":\"Dia da Comarca de Vila Real \u2013 Edi\u00e7\u00e3o 2025 - Tribunal Judicial da Comarca de Vila Real\",\"isPartOf\":{\"@id\":\"https:\/\/comarcas.csm.org.pt\/vila-real\/#website\"},\"primaryImageOfPage\":{\"@id\":\"https:\/\/comarcas.csm.org.pt\/vila-real\/blog\/2025\/05\/29\/dia-da-comarca-de-vila-real-edicao-2025\/#primaryimage\"},\"image\":{\"@id\":\"https:\/\/comarcas.csm.org.pt\/vila-real\/blog\/2025\/05\/29\/dia-da-comarca-de-vila-real-edicao-2025\/#primaryimage\"},\"thumbnailUrl\":\"https:\/\/comarcas.csm.org.pt\/vila-real\/wp-content\/uploads\/sites\/26\/2026\/02\/iiii.jpg\",\"datePublished\":\"2025-05-29T14:00:00+00:00\",\"dateModified\":\"2026-02-10T14:02:46+00:00\",\"breadcrumb\":{\"@id\":\"https:\/\/comarcas.csm.org.pt\/vila-real\/blog\/2025\/05\/29\/dia-da-comarca-de-vila-real-edicao-2025\/#breadcrumb\"},\"inLanguage\":\"pt-PT\",\"potentialAction\":[{\"@type\":\"ReadAction\",\"target\":[\"https:\/\/comarcas.csm.org.pt\/vila-real\/blog\/2025\/05\/29\/dia-da-comarca-de-vila-real-edicao-2025\/\"]}]},{\"@type\":\"ImageObject\",\"inLanguage\":\"pt-PT\",\"@id\":\"https:\/\/comarcas.csm.org.pt\/vila-real\/blog\/2025\/05\/29\/dia-da-comarca-de-vila-real-edicao-2025\/#primaryimage\",\"url\":\"https:\/\/comarcas.csm.org.pt\/vila-real\/wp-content\/uploads\/sites\/26\/2026\/02\/iiii.jpg\",\"contentUrl\":\"https:\/\/comarcas.csm.org.pt\/vila-real\/wp-content\/uploads\/sites\/26\/2026\/02\/iiii.jpg\",\"width\":574,\"height\":434},{\"@type\":\"BreadcrumbList\",\"@id\":\"https:\/\/comarcas.csm.org.pt\/vila-real\/blog\/2025\/05\/29\/dia-da-comarca-de-vila-real-edicao-2025\/#breadcrumb\",\"itemListElement\":[{\"@type\":\"ListItem\",\"position\":1,\"name\":\"In\u00edcio\",\"item\":\"https:\/\/comarcas.csm.org.pt\/vila-real\/\"},{\"@type\":\"ListItem\",\"position\":2,\"name\":\"Dia da Comarca de Vila Real \u2013 Edi\u00e7\u00e3o 2025\"}]},{\"@type\":\"WebSite\",\"@id\":\"https:\/\/comarcas.csm.org.pt\/vila-real\/#website\",\"url\":\"https:\/\/comarcas.csm.org.pt\/vila-real\/\",\"name\":\"Tribunal Judicial da Comarca de Vila Real\",\"description\":\"Tribunal Judicial da Comarca de Vila Real\",\"publisher\":{\"@id\":\"https:\/\/comarcas.csm.org.pt\/vila-real\/#organization\"},\"potentialAction\":[{\"@type\":\"SearchAction\",\"target\":{\"@type\":\"EntryPoint\",\"urlTemplate\":\"https:\/\/comarcas.csm.org.pt\/vila-real\/?s={search_term_string}\"},\"query-input\":{\"@type\":\"PropertyValueSpecification\",\"valueRequired\":true,\"valueName\":\"search_term_string\"}}],\"inLanguage\":\"pt-PT\"},{\"@type\":\"Organization\",\"@id\":\"https:\/\/comarcas.csm.org.pt\/vila-real\/#organization\",\"name\":\"Tribunal Judicial da Comarca de Vila Real\",\"url\":\"https:\/\/comarcas.csm.org.pt\/vila-real\/\",\"logo\":{\"@type\":\"ImageObject\",\"inLanguage\":\"pt-PT\",\"@id\":\"https:\/\/comarcas.csm.org.pt\/vila-real\/#\/schema\/logo\/image\/\",\"url\":\"https:\/\/comarcas.csm.org.pt\/vila-real\/wp-content\/uploads\/sites\/26\/2024\/11\/cropped-V.-Real_positivo-horizontal-scaled.png\",\"contentUrl\":\"https:\/\/comarcas.csm.org.pt\/vila-real\/wp-content\/uploads\/sites\/26\/2024\/11\/cropped-V.-Real_positivo-horizontal-scaled.png\",\"width\":2560,\"height\":583,\"caption\":\"Tribunal Judicial da Comarca de Vila Real\"},\"image\":{\"@id\":\"https:\/\/comarcas.csm.org.pt\/vila-real\/#\/schema\/logo\/image\/\"}},{\"@type\":\"Person\",\"@id\":\"https:\/\/comarcas.csm.org.pt\/vila-real\/#\/schema\/person\/1e9fae6242b3062ac84ba50e518f1ca0\",\"name\":\"vilareal\",\"image\":{\"@type\":\"ImageObject\",\"inLanguage\":\"pt-PT\",\"@id\":\"https:\/\/comarcas.csm.org.pt\/vila-real\/#\/schema\/person\/image\/\",\"url\":\"https:\/\/secure.gravatar.com\/avatar\/98728791590a1f9e19a3035ba083b9c4689ba7e751928de880788f3ea1944a2e?s=96&d=mm&r=g\",\"contentUrl\":\"https:\/\/secure.gravatar.com\/avatar\/98728791590a1f9e19a3035ba083b9c4689ba7e751928de880788f3ea1944a2e?s=96&d=mm&r=g\",\"caption\":\"vilareal\"},\"url\":\"https:\/\/comarcas.csm.org.pt\/vila-real\/blog\/author\/vilareal\/\"}]}<\/script>\n<!-- \/ Yoast SEO plugin. -->","yoast_head_json":{"title":"Dia da Comarca de Vila Real \u2013 Edi\u00e7\u00e3o 2025 - Tribunal Judicial da Comarca de Vila Real","robots":{"index":"index","follow":"follow","max-snippet":"max-snippet:-1","max-image-preview":"max-image-preview:large","max-video-preview":"max-video-preview:-1"},"canonical":"https:\/\/comarcas.csm.org.pt\/vila-real\/blog\/2025\/05\/29\/dia-da-comarca-de-vila-real-edicao-2025\/","og_locale":"pt_PT","og_type":"article","og_title":"Dia da Comarca de Vila Real \u2013 Edi\u00e7\u00e3o 2025 - Tribunal Judicial da Comarca de Vila Real","og_description":"Dia da Comarca de Vila Real \u2013 Edi\u00e7\u00e3o 2025Chaves recebeu a terceira edi\u00e7\u00e3o da iniciativa anual No passado dia 24 de maio de 2025, o Tribunal Judicial da Comarca de Vila Real celebrou mais uma...","og_url":"https:\/\/comarcas.csm.org.pt\/vila-real\/blog\/2025\/05\/29\/dia-da-comarca-de-vila-real-edicao-2025\/","og_site_name":"Tribunal Judicial da Comarca de Vila Real","article_published_time":"2025-05-29T14:00:00+00:00","article_modified_time":"2026-02-10T14:02:46+00:00","og_image":[{"width":574,"height":434,"url":"https:\/\/comarcas.csm.org.pt\/vila-real\/wp-content\/uploads\/sites\/26\/2026\/02\/iiii.jpg","type":"image\/jpeg"}],"author":"vilareal","twitter_card":"summary_large_image","twitter_misc":{"Escrito por":"vilareal","Tempo estimado de leitura":"3 minutos"},"schema":{"@context":"https:\/\/schema.org","@graph":[{"@type":"Article","@id":"https:\/\/comarcas.csm.org.pt\/vila-real\/blog\/2025\/05\/29\/dia-da-comarca-de-vila-real-edicao-2025\/#article","isPartOf":{"@id":"https:\/\/comarcas.csm.org.pt\/vila-real\/blog\/2025\/05\/29\/dia-da-comarca-de-vila-real-edicao-2025\/"},"author":{"name":"vilareal","@id":"https:\/\/comarcas.csm.org.pt\/vila-real\/#\/schema\/person\/1e9fae6242b3062ac84ba50e518f1ca0"},"headline":"Dia da Comarca de Vila Real \u2013 Edi\u00e7\u00e3o 2025","datePublished":"2025-05-29T14:00:00+00:00","dateModified":"2026-02-10T14:02:46+00:00","mainEntityOfPage":{"@id":"https:\/\/comarcas.csm.org.pt\/vila-real\/blog\/2025\/05\/29\/dia-da-comarca-de-vila-real-edicao-2025\/"},"wordCount":460,"publisher":{"@id":"https:\/\/comarcas.csm.org.pt\/vila-real\/#organization"},"image":{"@id":"https:\/\/comarcas.csm.org.pt\/vila-real\/blog\/2025\/05\/29\/dia-da-comarca-de-vila-real-edicao-2025\/#primaryimage"},"thumbnailUrl":"https:\/\/comarcas.csm.org.pt\/vila-real\/wp-content\/uploads\/sites\/26\/2026\/02\/iiii.jpg","articleSection":["Geral"],"inLanguage":"pt-PT"},{"@type":"WebPage","@id":"https:\/\/comarcas.csm.org.pt\/vila-real\/blog\/2025\/05\/29\/dia-da-comarca-de-vila-real-edicao-2025\/","url":"https:\/\/comarcas.csm.org.pt\/vila-real\/blog\/2025\/05\/29\/dia-da-comarca-de-vila-real-edicao-2025\/","name":"Dia da Comarca de Vila Real \u2013 Edi\u00e7\u00e3o 2025 - Tribunal Judicial da Comarca de Vila Real","isPartOf":{"@id":"https:\/\/comarcas.csm.org.pt\/vila-real\/#website"},"primaryImageOfPage":{"@id":"https:\/\/comarcas.csm.org.pt\/vila-real\/blog\/2025\/05\/29\/dia-da-comarca-de-vila-real-edicao-2025\/#primaryimage"},"image":{"@id":"https:\/\/comarcas.csm.org.pt\/vila-real\/blog\/2025\/05\/29\/dia-da-comarca-de-vila-real-edicao-2025\/#primaryimage"},"thumbnailUrl":"https:\/\/comarcas.csm.org.pt\/vila-real\/wp-content\/uploads\/sites\/26\/2026\/02\/iiii.jpg","datePublished":"2025-05-29T14:00:00+00:00","dateModified":"2026-02-10T14:02:46+00:00","breadcrumb":{"@id":"https:\/\/comarcas.csm.org.pt\/vila-real\/blog\/2025\/05\/29\/dia-da-comarca-de-vila-real-edicao-2025\/#breadcrumb"},"inLanguage":"pt-PT","potentialAction":[{"@type":"ReadAction","target":["https:\/\/comarcas.csm.org.pt\/vila-real\/blog\/2025\/05\/29\/dia-da-comarca-de-vila-real-edicao-2025\/"]}]},{"@type":"ImageObject","inLanguage":"pt-PT","@id":"https:\/\/comarcas.csm.org.pt\/vila-real\/blog\/2025\/05\/29\/dia-da-comarca-de-vila-real-edicao-2025\/#primaryimage","url":"https:\/\/comarcas.csm.org.pt\/vila-real\/wp-content\/uploads\/sites\/26\/2026\/02\/iiii.jpg","contentUrl":"https:\/\/comarcas.csm.org.pt\/vila-real\/wp-content\/uploads\/sites\/26\/2026\/02\/iiii.jpg","width":574,"height":434},{"@type":"BreadcrumbList","@id":"https:\/\/comarcas.csm.org.pt\/vila-real\/blog\/2025\/05\/29\/dia-da-comarca-de-vila-real-edicao-2025\/#breadcrumb","itemListElement":[{"@type":"ListItem","position":1,"name":"In\u00edcio","item":"https:\/\/comarcas.csm.org.pt\/vila-real\/"},{"@type":"ListItem","position":2,"name":"Dia da Comarca de Vila Real \u2013 Edi\u00e7\u00e3o 2025"}]},{"@type":"WebSite","@id":"https:\/\/comarcas.csm.org.pt\/vila-real\/#website","url":"https:\/\/comarcas.csm.org.pt\/vila-real\/","name":"Tribunal Judicial da Comarca de Vila Real","description":"Tribunal Judicial da Comarca de Vila Real","publisher":{"@id":"https:\/\/comarcas.csm.org.pt\/vila-real\/#organization"},"potentialAction":[{"@type":"SearchAction","target":{"@type":"EntryPoint","urlTemplate":"https:\/\/comarcas.csm.org.pt\/vila-real\/?s={search_term_string}"},"query-input":{"@type":"PropertyValueSpecification","valueRequired":true,"valueName":"search_term_string"}}],"inLanguage":"pt-PT"},{"@type":"Organization","@id":"https:\/\/comarcas.csm.org.pt\/vila-real\/#organization","name":"Tribunal Judicial da Comarca de Vila Real","url":"https:\/\/comarcas.csm.org.pt\/vila-real\/","logo":{"@type":"ImageObject","inLanguage":"pt-PT","@id":"https:\/\/comarcas.csm.org.pt\/vila-real\/#\/schema\/logo\/image\/","url":"https:\/\/comarcas.csm.org.pt\/vila-real\/wp-content\/uploads\/sites\/26\/2024\/11\/cropped-V.-Real_positivo-horizontal-scaled.png","contentUrl":"https:\/\/comarcas.csm.org.pt\/vila-real\/wp-content\/uploads\/sites\/26\/2024\/11\/cropped-V.-Real_positivo-horizontal-scaled.png","width":2560,"height":583,"caption":"Tribunal Judicial da Comarca de Vila Real"},"image":{"@id":"https:\/\/comarcas.csm.org.pt\/vila-real\/#\/schema\/logo\/image\/"}},{"@type":"Person","@id":"https:\/\/comarcas.csm.org.pt\/vila-real\/#\/schema\/person\/1e9fae6242b3062ac84ba50e518f1ca0","name":"vilareal","image":{"@type":"ImageObject","inLanguage":"pt-PT","@id":"https:\/\/comarcas.csm.org.pt\/vila-real\/#\/schema\/person\/image\/","url":"https:\/\/secure.gravatar.com\/avatar\/98728791590a1f9e19a3035ba083b9c4689ba7e751928de880788f3ea1944a2e?s=96&d=mm&r=g","contentUrl":"https:\/\/secure.gravatar.com\/avatar\/98728791590a1f9e19a3035ba083b9c4689ba7e751928de880788f3ea1944a2e?s=96&d=mm&r=g","caption":"vilareal"},"url":"https:\/\/comarcas.csm.org.pt\/vila-real\/blog\/author\/vilareal\/"}]}},"_links":{"self":[{"href":"https:\/\/comarcas.csm.org.pt\/vila-real\/wp-json\/wp\/v2\/posts\/12722","targetHints":{"allow":["GET"]}}],"collection":[{"href":"https:\/\/comarcas.csm.org.pt\/vila-real\/wp-json\/wp\/v2\/posts"}],"about":[{"href":"https:\/\/comarcas.csm.org.pt\/vila-real\/wp-json\/wp\/v2\/types\/post"}],"author":[{"embeddable":true,"href":"https:\/\/comarcas.csm.org.pt\/vila-real\/wp-json\/wp\/v2\/users\/37"}],"replies":[{"embeddable":true,"href":"https:\/\/comarcas.csm.org.pt\/vila-real\/wp-json\/wp\/v2\/comments?post=12722"}],"version-history":[{"count":1,"href":"https:\/\/comarcas.csm.org.pt\/vila-real\/wp-json\/wp\/v2\/posts\/12722\/revisions"}],"predecessor-version":[{"id":12724,"href":"https:\/\/comarcas.csm.org.pt\/vila-real\/wp-json\/wp\/v2\/posts\/12722\/revisions\/12724"}],"wp:attachment":[{"href":"https:\/\/comarcas.csm.org.pt\/vila-real\/wp-json\/wp\/v2\/media?parent=12722"}],"wp:term":[{"taxonomy":"category","embeddable":true,"href":"https:\/\/comarcas.csm.org.pt\/vila-real\/wp-json\/wp\/v2\/categories?post=12722"},{"taxonomy":"post_tag","embeddable":true,"href":"https:\/\/comarcas.csm.org.pt\/vila-real\/wp-json\/wp\/v2\/tags?post=12722"}],"curies":[{"name":"wp","href":"https:\/\/api.w.org\/{rel}","templated":true}]}}