{"id":12750,"date":"2026-02-27T14:37:55","date_gmt":"2026-02-27T14:37:55","guid":{"rendered":"https:\/\/comarcas.csm.org.pt\/vila-real\/?p=12750"},"modified":"2026-02-27T14:37:57","modified_gmt":"2026-02-27T14:37:57","slug":"comarca-de-vila-real-participa-em-seminario-na-utad-sobre-violencia-no-namoro-e-abuso-sexual","status":"publish","type":"post","link":"https:\/\/comarcas.csm.org.pt\/vila-real\/blog\/2026\/02\/27\/comarca-de-vila-real-participa-em-seminario-na-utad-sobre-violencia-no-namoro-e-abuso-sexual\/","title":{"rendered":"Comarca de Vila Real participa em semin\u00e1rio na UTAD sobre Viol\u00eancia no Namoro e Abuso Sexual"},"content":{"rendered":"\n<p><\/p>\n\n\n\n<p><\/p>\n\n\n\n<p>A Comarca de Vila Real esteve representada no semin\u00e1rio <em>\u201cViol\u00eancia no Namoro e Abuso Sexual\u201d,<\/em> promovido pela Universidade de Tr\u00e1s-os-Montes e Alto Douro (UTAD), atrav\u00e9s da Provedoria do Estudante, em colabora\u00e7\u00e3o com a Associa\u00e7\u00e3o Acad\u00e9mica da UTAD (AAUTAD), no passado dia 25 de fevereiro.<\/p>\n\n\n\n<p>A iniciativa decorreu na Aula Magna da UTAD e contou com a presen\u00e7a de cerca de 600 participantes, entre estudantes, docentes e profissionais de diversas \u00e1reas, refletindo a relev\u00e2ncia e atualidade do tema.<\/p>\n\n\n\n<p>O painel integrou a Ex.ma Senhora Juiz-Presidente da Comarca de Vila Real, Dr.\u00aa Maria Herm\u00ednia N\u00e9ri de Oliveira, o Senhor Magistrado Coordenador da Comarca de Vila Real, Dr. Rui Vieira Botelho, a Senhora Magistrada Judicial Dr.\u00aa Juliana Figueiredo, a Senhora Procuradora da Rep\u00fablica Dr.\u00aa Juliana Barros e a Professora Catedr\u00e1tica, Dr.\u00aa Catarina Mota, psic\u00f3loga.<\/p>\n\n\n\n<p>Ao longo da sess\u00e3o foram abordadas, numa perspetiva t\u00e9cnica e interdisciplinar, quest\u00f5es relativas ao enquadramento jur\u00eddico-penal da viol\u00eancia no namoro e do abuso sexual; aos instrumentos legais de prote\u00e7\u00e3o das v\u00edtimas; ao papel das institui\u00e7\u00f5es judiciais na preven\u00e7\u00e3o e repress\u00e3o destes fen\u00f3menos, ao impacto psicol\u00f3gico da viol\u00eancia nas rela\u00e7\u00f5es interpessoais e \u00e0s estrat\u00e9gias de interven\u00e7\u00e3o e acompanhamento.<\/p>\n\n\n\n<p>A participa\u00e7\u00e3o da Comarca de Vila Real nesta iniciativa insere-se no compromisso institucional de proximidade \u00e0 comunidade e de promo\u00e7\u00e3o da literacia jur\u00eddica, contribuindo para a sensibiliza\u00e7\u00e3o da popula\u00e7\u00e3o estudantil para a gravidade destes comportamentos e para a import\u00e2ncia da den\u00fancia e da prote\u00e7\u00e3o das v\u00edtimas.<\/p>\n\n\n\n<p><strong><em>\u00a0Links para noticias relativas ao evento:<\/em><\/strong><\/p>\n\n\n\n<p><a href=\"https:\/\/eur01.safelinks.protection.outlook.com\/?url=https%3A%2F%2Fwww.facebook.com%2Fshare%2Fp%2F1Am2gpEaZk%2F%3Fmibextid%3DwwXIfr&amp;data=05%7C02%7Cgamj.vila.real%40tribunais.org.pt%7C46479cfd31194edc1fcb08de75f8482d%7Ce110dd6741ff4c948301b3f8dfdf8119%7C0%7C0%7C639077906751327317%7CUnknown%7CTWFpbGZsb3d8eyJFbXB0eU1hcGkiOnRydWUsIlYiOiIwLjAuMDAwMCIsIlAiOiJXaW4zMiIsIkFOIjoiTWFpbCIsIldUIjoyfQ%3D%3D%7C0%7C%7C%7C&amp;sdata=w8FqfqQVN0PdgYpBOFYJ6VCjDlLzYF9X1LcdEYdODTo%3D&amp;reserved=0\">\\\\ UTAD recebe hoje o Sem&#8230; &#8211; A Voz de Tr\u00e1s-os-Montes<\/a><\/p>\n\n\n\n<p><a href=\"https:\/\/www.universidade.fm\/mais-de-600-estudantes-da-utad-assistiram-ao-seminario-sobre-violencia-no-namoro-e-abuso-sexual\/\">Mais de 600 estudantes da UTAD assistiram ao semin\u00e1rio sobre viol\u00eancia no namoro e abuso sexual \u2013 Universidade FM<\/a><br><\/p>\n\n\n\n<p><a href=\"https:\/\/www.facebook.com\/story.php?story_fbid=1331656988992511&amp;id=100064446679881&amp;mibextid=wwXIfr&amp;rdid=v5c0fDYMRIoKq0v6\">A UTAD&#8230; &#8211; Universidade de Tr\u00e1s-os-Montes e Alto Douro | Facebook<\/a> <\/p>\n\n\n\n<p><\/p>\n\n\n\n<p><\/p>\n\n\n\n<div class=\"wp-block-columns is-layout-flex wp-container-core-columns-is-layout-9d6595d7 wp-block-columns-is-layout-flex\">\n<div class=\"wp-block-column is-layout-flow wp-block-column-is-layout-flow\" style=\"flex-basis:100%\">\n<figure class=\"wp-block-image size-large\"><img fetchpriority=\"high\" decoding=\"async\" width=\"768\" height=\"1024\" src=\"https:\/\/comarcas.csm.org.pt\/vila-real\/wp-content\/uploads\/sites\/26\/2026\/02\/ppppp-768x1024.jpg\" alt=\"\" class=\"wp-image-12751\" srcset=\"https:\/\/comarcas.csm.org.pt\/vila-real\/wp-content\/uploads\/sites\/26\/2026\/02\/ppppp-768x1024.jpg 768w, https:\/\/comarcas.csm.org.pt\/vila-real\/wp-content\/uploads\/sites\/26\/2026\/02\/ppppp-225x300.jpg 225w, https:\/\/comarcas.csm.org.pt\/vila-real\/wp-content\/uploads\/sites\/26\/2026\/02\/ppppp.jpg 900w\" sizes=\"(max-width: 768px) 100vw, 768px\" \/><\/figure>\n<\/div>\n<\/div>\n\n\n\n<figure class=\"wp-block-image size-full\"><img decoding=\"async\" width=\"900\" height=\"600\" src=\"https:\/\/comarcas.csm.org.pt\/vila-real\/wp-content\/uploads\/sites\/26\/2026\/02\/DSC_9258_001.jpg\" alt=\"\" class=\"wp-image-12752\" srcset=\"https:\/\/comarcas.csm.org.pt\/vila-real\/wp-content\/uploads\/sites\/26\/2026\/02\/DSC_9258_001.jpg 900w, https:\/\/comarcas.csm.org.pt\/vila-real\/wp-content\/uploads\/sites\/26\/2026\/02\/DSC_9258_001-300x200.jpg 300w, https:\/\/comarcas.csm.org.pt\/vila-real\/wp-content\/uploads\/sites\/26\/2026\/02\/DSC_9258_001-768x512.jpg 768w\" sizes=\"(max-width: 900px) 100vw, 900px\" \/><\/figure>\n","protected":false},"excerpt":{"rendered":"<p>A Comarca de Vila Real esteve representada no semin\u00e1rio \u201cViol\u00eancia no Namoro e Abuso Sexual\u201d, promovido pela Universidade de Tr\u00e1s-os-Montes e Alto Douro (UTAD), atrav\u00e9s da Provedoria do Estudante, em colabora\u00e7\u00e3o com a Associa\u00e7\u00e3o Acad\u00e9mica&#8230;<\/p>\n","protected":false},"author":37,"featured_media":0,"comment_status":"closed","ping_status":"open","sticky":false,"template":"","format":"standard","meta":{"_tbt_post_transparent":"","_tbt_post_title":"","_tbt_post_layout":"","_tbt_post_sidebar_id":"","_tbt_post_content_style":"","_tbt_post_vertical_padding":"","_tbt_post_feature":"","_tbt_post_feature_position":"","_tbt_post_header":false,"_tbt_post_footer":false},"categories":[1],"tags":[],"class_list":["post-12750","post","type-post","status-publish","format-standard","hentry","category-geral"],"yoast_head":"<!-- This site is optimized with the Yoast SEO plugin v25.6 - https:\/\/yoast.com\/wordpress\/plugins\/seo\/ -->\n<title>Comarca de Vila Real participa em semin\u00e1rio na UTAD sobre Viol\u00eancia no Namoro e Abuso Sexual - Tribunal Judicial da Comarca de Vila Real<\/title>\n<meta name=\"robots\" content=\"index, follow, max-snippet:-1, max-image-preview:large, max-video-preview:-1\" \/>\n<link rel=\"canonical\" href=\"https:\/\/comarcas.csm.org.pt\/vila-real\/blog\/2026\/02\/27\/comarca-de-vila-real-participa-em-seminario-na-utad-sobre-violencia-no-namoro-e-abuso-sexual\/\" \/>\n<meta property=\"og:locale\" content=\"pt_PT\" \/>\n<meta property=\"og:type\" content=\"article\" \/>\n<meta property=\"og:title\" content=\"Comarca de Vila Real participa em semin\u00e1rio na UTAD sobre Viol\u00eancia no Namoro e Abuso Sexual - Tribunal Judicial da Comarca de Vila Real\" \/>\n<meta property=\"og:description\" content=\"A Comarca de Vila Real esteve representada no semin\u00e1rio \u201cViol\u00eancia no Namoro e Abuso Sexual\u201d, promovido pela Universidade de Tr\u00e1s-os-Montes e Alto Douro (UTAD), atrav\u00e9s da Provedoria do Estudante, em colabora\u00e7\u00e3o com a Associa\u00e7\u00e3o Acad\u00e9mica...\" \/>\n<meta property=\"og:url\" content=\"https:\/\/comarcas.csm.org.pt\/vila-real\/blog\/2026\/02\/27\/comarca-de-vila-real-participa-em-seminario-na-utad-sobre-violencia-no-namoro-e-abuso-sexual\/\" \/>\n<meta property=\"og:site_name\" content=\"Tribunal Judicial da Comarca de Vila Real\" \/>\n<meta property=\"article:published_time\" content=\"2026-02-27T14:37:55+00:00\" \/>\n<meta property=\"article:modified_time\" content=\"2026-02-27T14:37:57+00:00\" \/>\n<meta property=\"og:image\" content=\"https:\/\/comarcas.csm.org.pt\/vila-real\/wp-content\/uploads\/sites\/26\/2026\/02\/ppppp.jpg\" \/>\n\t<meta property=\"og:image:width\" content=\"900\" \/>\n\t<meta property=\"og:image:height\" content=\"1200\" \/>\n\t<meta property=\"og:image:type\" content=\"image\/jpeg\" \/>\n<meta name=\"author\" content=\"vilareal\" \/>\n<meta name=\"twitter:card\" content=\"summary_large_image\" \/>\n<meta name=\"twitter:label1\" content=\"Escrito por\" \/>\n\t<meta name=\"twitter:data1\" content=\"vilareal\" \/>\n\t<meta name=\"twitter:label2\" content=\"Tempo estimado de leitura\" \/>\n\t<meta name=\"twitter:data2\" content=\"2 minutos\" \/>\n<script type=\"application\/ld+json\" class=\"yoast-schema-graph\">{\"@context\":\"https:\/\/schema.org\",\"@graph\":[{\"@type\":\"Article\",\"@id\":\"https:\/\/comarcas.csm.org.pt\/vila-real\/blog\/2026\/02\/27\/comarca-de-vila-real-participa-em-seminario-na-utad-sobre-violencia-no-namoro-e-abuso-sexual\/#article\",\"isPartOf\":{\"@id\":\"https:\/\/comarcas.csm.org.pt\/vila-real\/blog\/2026\/02\/27\/comarca-de-vila-real-participa-em-seminario-na-utad-sobre-violencia-no-namoro-e-abuso-sexual\/\"},\"author\":{\"name\":\"vilareal\",\"@id\":\"https:\/\/comarcas.csm.org.pt\/vila-real\/#\/schema\/person\/1e9fae6242b3062ac84ba50e518f1ca0\"},\"headline\":\"Comarca de Vila Real participa em semin\u00e1rio na UTAD sobre Viol\u00eancia no Namoro e Abuso Sexual\",\"datePublished\":\"2026-02-27T14:37:55+00:00\",\"dateModified\":\"2026-02-27T14:37:57+00:00\",\"mainEntityOfPage\":{\"@id\":\"https:\/\/comarcas.csm.org.pt\/vila-real\/blog\/2026\/02\/27\/comarca-de-vila-real-participa-em-seminario-na-utad-sobre-violencia-no-namoro-e-abuso-sexual\/\"},\"wordCount\":336,\"publisher\":{\"@id\":\"https:\/\/comarcas.csm.org.pt\/vila-real\/#organization\"},\"image\":{\"@id\":\"https:\/\/comarcas.csm.org.pt\/vila-real\/blog\/2026\/02\/27\/comarca-de-vila-real-participa-em-seminario-na-utad-sobre-violencia-no-namoro-e-abuso-sexual\/#primaryimage\"},\"thumbnailUrl\":\"https:\/\/comarcas.csm.org.pt\/vila-real\/wp-content\/uploads\/sites\/26\/2026\/02\/ppppp-768x1024.jpg\",\"articleSection\":[\"Geral\"],\"inLanguage\":\"pt-PT\"},{\"@type\":\"WebPage\",\"@id\":\"https:\/\/comarcas.csm.org.pt\/vila-real\/blog\/2026\/02\/27\/comarca-de-vila-real-participa-em-seminario-na-utad-sobre-violencia-no-namoro-e-abuso-sexual\/\",\"url\":\"https:\/\/comarcas.csm.org.pt\/vila-real\/blog\/2026\/02\/27\/comarca-de-vila-real-participa-em-seminario-na-utad-sobre-violencia-no-namoro-e-abuso-sexual\/\",\"name\":\"Comarca de Vila Real participa em semin\u00e1rio na UTAD sobre Viol\u00eancia no Namoro e Abuso Sexual - Tribunal Judicial da Comarca de Vila Real\",\"isPartOf\":{\"@id\":\"https:\/\/comarcas.csm.org.pt\/vila-real\/#website\"},\"primaryImageOfPage\":{\"@id\":\"https:\/\/comarcas.csm.org.pt\/vila-real\/blog\/2026\/02\/27\/comarca-de-vila-real-participa-em-seminario-na-utad-sobre-violencia-no-namoro-e-abuso-sexual\/#primaryimage\"},\"image\":{\"@id\":\"https:\/\/comarcas.csm.org.pt\/vila-real\/blog\/2026\/02\/27\/comarca-de-vila-real-participa-em-seminario-na-utad-sobre-violencia-no-namoro-e-abuso-sexual\/#primaryimage\"},\"thumbnailUrl\":\"https:\/\/comarcas.csm.org.pt\/vila-real\/wp-content\/uploads\/sites\/26\/2026\/02\/ppppp-768x1024.jpg\",\"datePublished\":\"2026-02-27T14:37:55+00:00\",\"dateModified\":\"2026-02-27T14:37:57+00:00\",\"breadcrumb\":{\"@id\":\"https:\/\/comarcas.csm.org.pt\/vila-real\/blog\/2026\/02\/27\/comarca-de-vila-real-participa-em-seminario-na-utad-sobre-violencia-no-namoro-e-abuso-sexual\/#breadcrumb\"},\"inLanguage\":\"pt-PT\",\"potentialAction\":[{\"@type\":\"ReadAction\",\"target\":[\"https:\/\/comarcas.csm.org.pt\/vila-real\/blog\/2026\/02\/27\/comarca-de-vila-real-participa-em-seminario-na-utad-sobre-violencia-no-namoro-e-abuso-sexual\/\"]}]},{\"@type\":\"ImageObject\",\"inLanguage\":\"pt-PT\",\"@id\":\"https:\/\/comarcas.csm.org.pt\/vila-real\/blog\/2026\/02\/27\/comarca-de-vila-real-participa-em-seminario-na-utad-sobre-violencia-no-namoro-e-abuso-sexual\/#primaryimage\",\"url\":\"https:\/\/comarcas.csm.org.pt\/vila-real\/wp-content\/uploads\/sites\/26\/2026\/02\/ppppp.jpg\",\"contentUrl\":\"https:\/\/comarcas.csm.org.pt\/vila-real\/wp-content\/uploads\/sites\/26\/2026\/02\/ppppp.jpg\",\"width\":900,\"height\":1200},{\"@type\":\"BreadcrumbList\",\"@id\":\"https:\/\/comarcas.csm.org.pt\/vila-real\/blog\/2026\/02\/27\/comarca-de-vila-real-participa-em-seminario-na-utad-sobre-violencia-no-namoro-e-abuso-sexual\/#breadcrumb\",\"itemListElement\":[{\"@type\":\"ListItem\",\"position\":1,\"name\":\"In\u00edcio\",\"item\":\"https:\/\/comarcas.csm.org.pt\/vila-real\/\"},{\"@type\":\"ListItem\",\"position\":2,\"name\":\"Comarca de Vila Real participa em semin\u00e1rio na UTAD sobre Viol\u00eancia no Namoro e Abuso Sexual\"}]},{\"@type\":\"WebSite\",\"@id\":\"https:\/\/comarcas.csm.org.pt\/vila-real\/#website\",\"url\":\"https:\/\/comarcas.csm.org.pt\/vila-real\/\",\"name\":\"Tribunal Judicial da Comarca de Vila Real\",\"description\":\"Tribunal Judicial da Comarca de Vila Real\",\"publisher\":{\"@id\":\"https:\/\/comarcas.csm.org.pt\/vila-real\/#organization\"},\"potentialAction\":[{\"@type\":\"SearchAction\",\"target\":{\"@type\":\"EntryPoint\",\"urlTemplate\":\"https:\/\/comarcas.csm.org.pt\/vila-real\/?s={search_term_string}\"},\"query-input\":{\"@type\":\"PropertyValueSpecification\",\"valueRequired\":true,\"valueName\":\"search_term_string\"}}],\"inLanguage\":\"pt-PT\"},{\"@type\":\"Organization\",\"@id\":\"https:\/\/comarcas.csm.org.pt\/vila-real\/#organization\",\"name\":\"Tribunal Judicial da Comarca de Vila Real\",\"url\":\"https:\/\/comarcas.csm.org.pt\/vila-real\/\",\"logo\":{\"@type\":\"ImageObject\",\"inLanguage\":\"pt-PT\",\"@id\":\"https:\/\/comarcas.csm.org.pt\/vila-real\/#\/schema\/logo\/image\/\",\"url\":\"https:\/\/comarcas.csm.org.pt\/vila-real\/wp-content\/uploads\/sites\/26\/2024\/11\/cropped-V.-Real_positivo-horizontal-scaled.png\",\"contentUrl\":\"https:\/\/comarcas.csm.org.pt\/vila-real\/wp-content\/uploads\/sites\/26\/2024\/11\/cropped-V.-Real_positivo-horizontal-scaled.png\",\"width\":2560,\"height\":583,\"caption\":\"Tribunal Judicial da Comarca de Vila Real\"},\"image\":{\"@id\":\"https:\/\/comarcas.csm.org.pt\/vila-real\/#\/schema\/logo\/image\/\"}},{\"@type\":\"Person\",\"@id\":\"https:\/\/comarcas.csm.org.pt\/vila-real\/#\/schema\/person\/1e9fae6242b3062ac84ba50e518f1ca0\",\"name\":\"vilareal\",\"image\":{\"@type\":\"ImageObject\",\"inLanguage\":\"pt-PT\",\"@id\":\"https:\/\/comarcas.csm.org.pt\/vila-real\/#\/schema\/person\/image\/\",\"url\":\"https:\/\/secure.gravatar.com\/avatar\/98728791590a1f9e19a3035ba083b9c4689ba7e751928de880788f3ea1944a2e?s=96&d=mm&r=g\",\"contentUrl\":\"https:\/\/secure.gravatar.com\/avatar\/98728791590a1f9e19a3035ba083b9c4689ba7e751928de880788f3ea1944a2e?s=96&d=mm&r=g\",\"caption\":\"vilareal\"},\"url\":\"https:\/\/comarcas.csm.org.pt\/vila-real\/blog\/author\/vilareal\/\"}]}<\/script>\n<!-- \/ Yoast SEO plugin. -->","yoast_head_json":{"title":"Comarca de Vila Real participa em semin\u00e1rio na UTAD sobre Viol\u00eancia no Namoro e Abuso Sexual - Tribunal Judicial da Comarca de Vila Real","robots":{"index":"index","follow":"follow","max-snippet":"max-snippet:-1","max-image-preview":"max-image-preview:large","max-video-preview":"max-video-preview:-1"},"canonical":"https:\/\/comarcas.csm.org.pt\/vila-real\/blog\/2026\/02\/27\/comarca-de-vila-real-participa-em-seminario-na-utad-sobre-violencia-no-namoro-e-abuso-sexual\/","og_locale":"pt_PT","og_type":"article","og_title":"Comarca de Vila Real participa em semin\u00e1rio na UTAD sobre Viol\u00eancia no Namoro e Abuso Sexual - Tribunal Judicial da Comarca de Vila Real","og_description":"A Comarca de Vila Real esteve representada no semin\u00e1rio \u201cViol\u00eancia no Namoro e Abuso Sexual\u201d, promovido pela Universidade de Tr\u00e1s-os-Montes e Alto Douro (UTAD), atrav\u00e9s da Provedoria do Estudante, em colabora\u00e7\u00e3o com a Associa\u00e7\u00e3o Acad\u00e9mica...","og_url":"https:\/\/comarcas.csm.org.pt\/vila-real\/blog\/2026\/02\/27\/comarca-de-vila-real-participa-em-seminario-na-utad-sobre-violencia-no-namoro-e-abuso-sexual\/","og_site_name":"Tribunal Judicial da Comarca de Vila Real","article_published_time":"2026-02-27T14:37:55+00:00","article_modified_time":"2026-02-27T14:37:57+00:00","og_image":[{"width":900,"height":1200,"url":"https:\/\/comarcas.csm.org.pt\/vila-real\/wp-content\/uploads\/sites\/26\/2026\/02\/ppppp.jpg","type":"image\/jpeg"}],"author":"vilareal","twitter_card":"summary_large_image","twitter_misc":{"Escrito por":"vilareal","Tempo estimado de leitura":"2 minutos"},"schema":{"@context":"https:\/\/schema.org","@graph":[{"@type":"Article","@id":"https:\/\/comarcas.csm.org.pt\/vila-real\/blog\/2026\/02\/27\/comarca-de-vila-real-participa-em-seminario-na-utad-sobre-violencia-no-namoro-e-abuso-sexual\/#article","isPartOf":{"@id":"https:\/\/comarcas.csm.org.pt\/vila-real\/blog\/2026\/02\/27\/comarca-de-vila-real-participa-em-seminario-na-utad-sobre-violencia-no-namoro-e-abuso-sexual\/"},"author":{"name":"vilareal","@id":"https:\/\/comarcas.csm.org.pt\/vila-real\/#\/schema\/person\/1e9fae6242b3062ac84ba50e518f1ca0"},"headline":"Comarca de Vila Real participa em semin\u00e1rio na UTAD sobre Viol\u00eancia no Namoro e Abuso Sexual","datePublished":"2026-02-27T14:37:55+00:00","dateModified":"2026-02-27T14:37:57+00:00","mainEntityOfPage":{"@id":"https:\/\/comarcas.csm.org.pt\/vila-real\/blog\/2026\/02\/27\/comarca-de-vila-real-participa-em-seminario-na-utad-sobre-violencia-no-namoro-e-abuso-sexual\/"},"wordCount":336,"publisher":{"@id":"https:\/\/comarcas.csm.org.pt\/vila-real\/#organization"},"image":{"@id":"https:\/\/comarcas.csm.org.pt\/vila-real\/blog\/2026\/02\/27\/comarca-de-vila-real-participa-em-seminario-na-utad-sobre-violencia-no-namoro-e-abuso-sexual\/#primaryimage"},"thumbnailUrl":"https:\/\/comarcas.csm.org.pt\/vila-real\/wp-content\/uploads\/sites\/26\/2026\/02\/ppppp-768x1024.jpg","articleSection":["Geral"],"inLanguage":"pt-PT"},{"@type":"WebPage","@id":"https:\/\/comarcas.csm.org.pt\/vila-real\/blog\/2026\/02\/27\/comarca-de-vila-real-participa-em-seminario-na-utad-sobre-violencia-no-namoro-e-abuso-sexual\/","url":"https:\/\/comarcas.csm.org.pt\/vila-real\/blog\/2026\/02\/27\/comarca-de-vila-real-participa-em-seminario-na-utad-sobre-violencia-no-namoro-e-abuso-sexual\/","name":"Comarca de Vila Real participa em semin\u00e1rio na UTAD sobre Viol\u00eancia no Namoro e Abuso Sexual - Tribunal Judicial da Comarca de Vila Real","isPartOf":{"@id":"https:\/\/comarcas.csm.org.pt\/vila-real\/#website"},"primaryImageOfPage":{"@id":"https:\/\/comarcas.csm.org.pt\/vila-real\/blog\/2026\/02\/27\/comarca-de-vila-real-participa-em-seminario-na-utad-sobre-violencia-no-namoro-e-abuso-sexual\/#primaryimage"},"image":{"@id":"https:\/\/comarcas.csm.org.pt\/vila-real\/blog\/2026\/02\/27\/comarca-de-vila-real-participa-em-seminario-na-utad-sobre-violencia-no-namoro-e-abuso-sexual\/#primaryimage"},"thumbnailUrl":"https:\/\/comarcas.csm.org.pt\/vila-real\/wp-content\/uploads\/sites\/26\/2026\/02\/ppppp-768x1024.jpg","datePublished":"2026-02-27T14:37:55+00:00","dateModified":"2026-02-27T14:37:57+00:00","breadcrumb":{"@id":"https:\/\/comarcas.csm.org.pt\/vila-real\/blog\/2026\/02\/27\/comarca-de-vila-real-participa-em-seminario-na-utad-sobre-violencia-no-namoro-e-abuso-sexual\/#breadcrumb"},"inLanguage":"pt-PT","potentialAction":[{"@type":"ReadAction","target":["https:\/\/comarcas.csm.org.pt\/vila-real\/blog\/2026\/02\/27\/comarca-de-vila-real-participa-em-seminario-na-utad-sobre-violencia-no-namoro-e-abuso-sexual\/"]}]},{"@type":"ImageObject","inLanguage":"pt-PT","@id":"https:\/\/comarcas.csm.org.pt\/vila-real\/blog\/2026\/02\/27\/comarca-de-vila-real-participa-em-seminario-na-utad-sobre-violencia-no-namoro-e-abuso-sexual\/#primaryimage","url":"https:\/\/comarcas.csm.org.pt\/vila-real\/wp-content\/uploads\/sites\/26\/2026\/02\/ppppp.jpg","contentUrl":"https:\/\/comarcas.csm.org.pt\/vila-real\/wp-content\/uploads\/sites\/26\/2026\/02\/ppppp.jpg","width":900,"height":1200},{"@type":"BreadcrumbList","@id":"https:\/\/comarcas.csm.org.pt\/vila-real\/blog\/2026\/02\/27\/comarca-de-vila-real-participa-em-seminario-na-utad-sobre-violencia-no-namoro-e-abuso-sexual\/#breadcrumb","itemListElement":[{"@type":"ListItem","position":1,"name":"In\u00edcio","item":"https:\/\/comarcas.csm.org.pt\/vila-real\/"},{"@type":"ListItem","position":2,"name":"Comarca de Vila Real participa em semin\u00e1rio na UTAD sobre Viol\u00eancia no Namoro e Abuso Sexual"}]},{"@type":"WebSite","@id":"https:\/\/comarcas.csm.org.pt\/vila-real\/#website","url":"https:\/\/comarcas.csm.org.pt\/vila-real\/","name":"Tribunal Judicial da Comarca de Vila Real","description":"Tribunal Judicial da Comarca de Vila Real","publisher":{"@id":"https:\/\/comarcas.csm.org.pt\/vila-real\/#organization"},"potentialAction":[{"@type":"SearchAction","target":{"@type":"EntryPoint","urlTemplate":"https:\/\/comarcas.csm.org.pt\/vila-real\/?s={search_term_string}"},"query-input":{"@type":"PropertyValueSpecification","valueRequired":true,"valueName":"search_term_string"}}],"inLanguage":"pt-PT"},{"@type":"Organization","@id":"https:\/\/comarcas.csm.org.pt\/vila-real\/#organization","name":"Tribunal Judicial da Comarca de Vila Real","url":"https:\/\/comarcas.csm.org.pt\/vila-real\/","logo":{"@type":"ImageObject","inLanguage":"pt-PT","@id":"https:\/\/comarcas.csm.org.pt\/vila-real\/#\/schema\/logo\/image\/","url":"https:\/\/comarcas.csm.org.pt\/vila-real\/wp-content\/uploads\/sites\/26\/2024\/11\/cropped-V.-Real_positivo-horizontal-scaled.png","contentUrl":"https:\/\/comarcas.csm.org.pt\/vila-real\/wp-content\/uploads\/sites\/26\/2024\/11\/cropped-V.-Real_positivo-horizontal-scaled.png","width":2560,"height":583,"caption":"Tribunal Judicial da Comarca de Vila Real"},"image":{"@id":"https:\/\/comarcas.csm.org.pt\/vila-real\/#\/schema\/logo\/image\/"}},{"@type":"Person","@id":"https:\/\/comarcas.csm.org.pt\/vila-real\/#\/schema\/person\/1e9fae6242b3062ac84ba50e518f1ca0","name":"vilareal","image":{"@type":"ImageObject","inLanguage":"pt-PT","@id":"https:\/\/comarcas.csm.org.pt\/vila-real\/#\/schema\/person\/image\/","url":"https:\/\/secure.gravatar.com\/avatar\/98728791590a1f9e19a3035ba083b9c4689ba7e751928de880788f3ea1944a2e?s=96&d=mm&r=g","contentUrl":"https:\/\/secure.gravatar.com\/avatar\/98728791590a1f9e19a3035ba083b9c4689ba7e751928de880788f3ea1944a2e?s=96&d=mm&r=g","caption":"vilareal"},"url":"https:\/\/comarcas.csm.org.pt\/vila-real\/blog\/author\/vilareal\/"}]}},"_links":{"self":[{"href":"https:\/\/comarcas.csm.org.pt\/vila-real\/wp-json\/wp\/v2\/posts\/12750","targetHints":{"allow":["GET"]}}],"collection":[{"href":"https:\/\/comarcas.csm.org.pt\/vila-real\/wp-json\/wp\/v2\/posts"}],"about":[{"href":"https:\/\/comarcas.csm.org.pt\/vila-real\/wp-json\/wp\/v2\/types\/post"}],"author":[{"embeddable":true,"href":"https:\/\/comarcas.csm.org.pt\/vila-real\/wp-json\/wp\/v2\/users\/37"}],"replies":[{"embeddable":true,"href":"https:\/\/comarcas.csm.org.pt\/vila-real\/wp-json\/wp\/v2\/comments?post=12750"}],"version-history":[{"count":1,"href":"https:\/\/comarcas.csm.org.pt\/vila-real\/wp-json\/wp\/v2\/posts\/12750\/revisions"}],"predecessor-version":[{"id":12753,"href":"https:\/\/comarcas.csm.org.pt\/vila-real\/wp-json\/wp\/v2\/posts\/12750\/revisions\/12753"}],"wp:attachment":[{"href":"https:\/\/comarcas.csm.org.pt\/vila-real\/wp-json\/wp\/v2\/media?parent=12750"}],"wp:term":[{"taxonomy":"category","embeddable":true,"href":"https:\/\/comarcas.csm.org.pt\/vila-real\/wp-json\/wp\/v2\/categories?post=12750"},{"taxonomy":"post_tag","embeddable":true,"href":"https:\/\/comarcas.csm.org.pt\/vila-real\/wp-json\/wp\/v2\/tags?post=12750"}],"curies":[{"name":"wp","href":"https:\/\/api.w.org\/{rel}","templated":true}]}}